{"id":20524,"date":"2023-02-02T11:05:43","date_gmt":"2023-02-02T10:05:43","guid":{"rendered":"https:\/\/www.goyaproducciones.com\/?p=20524"},"modified":"2025-06-10T15:07:03","modified_gmt":"2025-06-10T13:07:03","slug":"estreno-en-estados-unidos-de-la-pelicula-madre-ven","status":"publish","type":"post","link":"https:\/\/www.goyaproducciones.com\/en\/estreno-en-estados-unidos-de-la-pelicula-madre-ven\/","title":{"rendered":"Estreno en Estados Unidos de la pel\u00edcula: \u201cMADRE VEN\u201d"},"content":{"rendered":"<div class=\"wpb-content-wrapper\"><p>[vc_row css_animation=&#8221;&#8221; row_type=&#8221;row&#8221; use_row_as_full_screen_section=&#8221;no&#8221; type=&#8221;full_width&#8221; angled_section=&#8221;no&#8221; text_align=&#8221;left&#8221; background_image_as_pattern=&#8221;without_pattern&#8221;][vc_column][vc_column_text]<\/p>\n<h3>IMPACTANTE PEL\u00cdCULA MARIANA \u201cMADRE VEN\u201d SE ESTRENA<\/h3>\n<p>[\/vc_column_text][vc_separator type=&#8221;transparent&#8221; up=&#8221;5&#8243; down=&#8221;5&#8243;][vc_column_text]<\/p>\n<h1>EN ESTADOS UNIDOS EL 10 DE FEBRERO 2023<\/h1>\n<p>[\/vc_column_text][vc_separator type=&#8221;normal&#8221; up=&#8221;20&#8243; down=&#8221;20&#8243;][vc_separator type=&#8221;transparent&#8221; up=&#8221;20&#8243; down=&#8221;20&#8243;][vc_row_inner row_type=&#8221;row&#8221; type=&#8221;full_width&#8221; text_align=&#8221;left&#8221; css_animation=&#8221;&#8221;][vc_column_inner][vc_column_text]<\/p>\n<p>Tras el exitoso estreno de &#8220;Coraz\u00f3n Ardiente&#8221; (An Ardent Heart) y &#8220;Tierra Santa. El \u00daltimo Peregrino&#8221; (Holy Land. The Last Pilgrim), el pr\u00f3ximo <strong>10 de febrero 2023<\/strong> Goya Producciones lanza <strong>\u201cMother With Us. Madre Ven\u201d<\/strong>. El filme estar\u00e1 disponible a nivel nacional en el circuito de <strong>Regal Cinemas<\/strong> y adicionalmente en salas de <strong>CMX Cinemas<\/strong> en Miami. <\/p>\n<p>[\/vc_column_text][\/vc_column_inner][\/vc_row_inner][vc_separator type=&#8221;transparent&#8221; up=&#8221;20&#8243; down=&#8221;20&#8243;][vc_row_inner row_type=&#8221;row&#8221; type=&#8221;full_width&#8221; text_align=&#8221;left&#8221; css_animation=&#8221;&#8221;][vc_column_inner width=&#8221;1\/2&#8243;][vc_single_image image=&#8221;20535&#8243; img_size=&#8221;full&#8221; alignment=&#8221;center&#8221; qode_css_animation=&#8221;&#8221;][\/vc_column_inner][vc_column_inner width=&#8221;1\/2&#8243;][vc_single_image image=&#8221;20526&#8243; img_size=&#8221;full&#8221; alignment=&#8221;center&#8221; qode_css_animation=&#8221;&#8221;][\/vc_column_inner][\/vc_row_inner][vc_separator type=&#8221;transparent&#8221; up=&#8221;20&#8243; down=&#8221;20&#8243;][vc_column_text]<\/p>\n<p>El largometraje cuenta la historia de <strong>una peregrinaci\u00f3n sin precedentes llamada \u2018Madre Ven\u2019<\/strong>, que tuvo lugar en Espa\u00f1a entre el 1 de mayo y el 12 de octubre de 2021, en plena pospandemia. Una peregrinaci\u00f3n a la inversa en la que, seg\u00fan cuentan los organizadores \u201cno era nadie peregrinando para ver a la Virgen, sino que la Virgen peregrin\u00f3 para vernos a nosotros. Se sirvi\u00f3 de esa talla para hacerse presente y venir a visitarnos\u201d.<\/p>\n<p>El filme, dirigido por Andr\u00e9s Garrig\u00f3, combina una historia de ficci\u00f3n realizada por Pablo Moreno con impactantes testimonios de <strong>conversiones, sanaciones y favores extraordinarios<\/strong> de m\u00e1s de 40 personas de las miles que participaron en la peregrinaci\u00f3n \u2018Madre Ven\u2019. Entre estos, podr\u00e1n conocer casos como el de Andy, un joven que, cansado de vivir en una depresi\u00f3n continua, decidi\u00f3 suicidarse\u2026 y milagrosamente despert\u00f3 del coma sin secuelas. Tambi\u00e9n el de Myriam, una joven a la que le diagnosticaron una enfermedad rara con 25 a\u00f1os que trunc\u00f3 su vida. El paso de la Virgen por su casa supuso la tabla de salvaci\u00f3n para ella y su familia. O el de Ale, una estudiante de 18 a\u00f1os de Madrid a cuya madre le diagnosticaron ELA cuando ten\u00eda 6 y que sinti\u00f3 a la Virgen en presencia real: \u201cHe descubierto que la Virgen es <strong>una Madre real<\/strong>, que est\u00e1 ah\u00ed y me acompa\u00f1a todos los d\u00edas de mi vida\u201d, comenta.<\/p>\n<p>La pel\u00edcula tambi\u00e9n ejemplifica el fortalecimiento de la fe de sacerdotes, monjas y religiosos de distintos puntos del recorrido de la peregrinaci\u00f3n, como el de Madre Elisa, que dedica su vida a los ni\u00f1os en acogida, y que recibieron la visita alentadora de la Virgen a su paso por Valencia.<\/p>\n<p>[\/vc_column_text][\/vc_column][\/vc_row]<\/p>\n<\/div>","protected":false},"excerpt":{"rendered":"<p>Goya Producciones lanza \u201cMother With Us. Madre Ven\u201d. El filme estar\u00e1 disponible en el circuito de Regal Cinemas y adicionalmente en salas de CMX Cinemas en Miami&#8230;<\/p>\n","protected":false},"author":12,"featured_media":24403,"comment_status":"open","ping_status":"open","sticky":false,"template":"","format":"standard","meta":{"footnotes":""},"categories":[60],"tags":[345,73,280,351,185],"class_list":["post-20524","post","type-post","status-publish","format-standard","has-post-thumbnail","hentry","category-noticias","tag-catolicos","tag-cine","tag-estrenos-cine","tag-madre-ven","tag-virgen-maria"],"_links":{"self":[{"href":"https:\/\/www.goyaproducciones.com\/en\/wp-json\/wp\/v2\/posts\/20524","targetHints":{"allow":["GET"]}}],"collection":[{"href":"https:\/\/www.goyaproducciones.com\/en\/wp-json\/wp\/v2\/posts"}],"about":[{"href":"https:\/\/www.goyaproducciones.com\/en\/wp-json\/wp\/v2\/types\/post"}],"author":[{"embeddable":true,"href":"https:\/\/www.goyaproducciones.com\/en\/wp-json\/wp\/v2\/users\/12"}],"replies":[{"embeddable":true,"href":"https:\/\/www.goyaproducciones.com\/en\/wp-json\/wp\/v2\/comments?post=20524"}],"version-history":[{"count":9,"href":"https:\/\/www.goyaproducciones.com\/en\/wp-json\/wp\/v2\/posts\/20524\/revisions"}],"predecessor-version":[{"id":20540,"href":"https:\/\/www.goyaproducciones.com\/en\/wp-json\/wp\/v2\/posts\/20524\/revisions\/20540"}],"wp:featuredmedia":[{"embeddable":true,"href":"https:\/\/www.goyaproducciones.com\/en\/wp-json\/wp\/v2\/media\/24403"}],"wp:attachment":[{"href":"https:\/\/www.goyaproducciones.com\/en\/wp-json\/wp\/v2\/media?parent=20524"}],"wp:term":[{"taxonomy":"category","embeddable":true,"href":"https:\/\/www.goyaproducciones.com\/en\/wp-json\/wp\/v2\/categories?post=20524"},{"taxonomy":"post_tag","embeddable":true,"href":"https:\/\/www.goyaproducciones.com\/en\/wp-json\/wp\/v2\/tags?post=20524"}],"curies":[{"name":"wp","href":"https:\/\/api.w.org\/{rel}","templated":true}]}}