{"id":20519,"date":"2023-01-05T10:36:33","date_gmt":"2023-01-05T09:36:33","guid":{"rendered":"https:\/\/www.goyaproducciones.com\/?p=20519"},"modified":"2025-06-10T15:07:01","modified_gmt":"2025-06-10T13:07:01","slug":"entrevista-inedita-george-ganswein-trato-de-evitar-la-dimision-de-benedicto-xvi","status":"publish","type":"post","link":"https:\/\/www.goyaproducciones.com\/en\/entrevista-inedita-george-ganswein-trato-de-evitar-la-dimision-de-benedicto-xvi\/","title":{"rendered":"Entrevista in\u00e9dita: George G\u00e4nswein trat\u00f3 de evitar la dimisi\u00f3n de Benedicto XVI"},"content":{"rendered":"<div class=\"wpb-content-wrapper\"><p>[vc_row css_animation=&#8221;&#8221; row_type=&#8221;row&#8221; use_row_as_full_screen_section=&#8221;no&#8221; type=&#8221;full_width&#8221; angled_section=&#8221;no&#8221; text_align=&#8221;left&#8221; background_image_as_pattern=&#8221;without_pattern&#8221;][vc_column][vc_column_text]<\/p>\n<h1>GEORG G\u00c4NSWEIN INTENT\u00d3 CONVENCER AL PAPA BENEDICTO DE QUE NO DIMITIERA<\/h1>\n<p>[\/vc_column_text][vc_separator type=&#8221;transparent&#8221; up=&#8221;5&#8243; down=&#8221;5&#8243;][vc_column_text]<\/p>\n<h3>Goya Producciones revela fragmentos de una entrevista in\u00e9dita con el Secretario personal del Papa Em\u00e9rito<\/h3>\n<p>[\/vc_column_text][vc_separator type=&#8221;normal&#8221; up=&#8221;20&#8243; down=&#8221;20&#8243;][vc_separator type=&#8221;transparent&#8221; up=&#8221;20&#8243; down=&#8221;20&#8243;][vc_row_inner row_type=&#8221;row&#8221; type=&#8221;full_width&#8221; text_align=&#8221;left&#8221; css_animation=&#8221;&#8221;][vc_column_inner][vc_column_text]<\/p>\n<p>El Secretario personal del Papa Benedicto trat\u00f3 de persuadirle de que no renunciara al pontificado. Antes de que anunciara esta hist\u00f3rica decisi\u00f3n, Georg G\u00e4nswein argument\u00f3 al todav\u00eda Papa Benedicto que deb\u00eda proseguir al frente de la Iglesia cat\u00f3lica a un ritmo m\u00e1s llevadero. Esta es una de las revelaciones de la entrevista, parcialmente in\u00e9dita, que publica hoy Goya Producciones.<\/p>\n<p>La entrevista fue realizada por Andr\u00e9s Garrig\u00f3, como parte del documental \u201cBenedicto XVI, el Papa Em\u00e9rito\u201d, que ahora est\u00e1 disponible en la plataforma <a href=\"http:\/\/famiplay.com\/\" rel=\"noopener\" target=\"_blank\"><strong>Famiplay.com<\/strong><\/a>. La pel\u00edcula aborda tambi\u00e9n los sufrimientos de Benedicto por la situaci\u00f3n de la Iglesia y las calumnias de las que fue objeto.<\/p>\n<p>\u201cCuando el Papa Benedicto me dijo que estaba pensando en renunciar \u2013afirma G\u00e4nswein\u2013, mi primera reacci\u00f3n instintiva fue: \u2018\u00a1Pero eso no es posible, Santo Padre! No es posible. No es posible porque, si el servicio petrino es demasiado exigente, demasiado pesado, hay que reducirlo un poco, hay que dar pasos m\u00e1s peque\u00f1os, pero no abandonarlo\u2019. Intent\u00e9 -explica G\u00e4nswein- incluso con argumentos, pero me dijo: \u2018\u00a1No! \u00a1No! Lo he pensado bien. He rezado. En resumen\u2026 ya no tengo fuerzas. Por el bien de la Iglesia y por el amor de Cristo tengo que irme, tengo que renunciar\u2019\u201d.<\/p>\n<p>G\u00e4nswein, que estuvo 25 a\u00f1os al lado de Ratzinger, primero como cardenal y luego como Papa, explica en la entrevista el valor y firmeza con que abord\u00f3 los primeros casos de pedofilia entre miembros del clero, as\u00ed como los complejos problemas que fueron surgiendo en la Curia Romana, y fuera de ella en el IOR y sus entramados financieros.<\/p>\n<p>Especial inter\u00e9s tiene el an\u00e1lisis de G\u00e4nswein sobre el legado de Benedicto, como te\u00f3logo, escritor y hombre de gobierno, y el respeto con el que se le escuch\u00f3 entre intelectuales y gentes de diversos or\u00edgenes, credos y pa\u00edses.<br \/>Ver documental completo <strong>BENEDICTO XVI: EL PAPA EM\u00c9RITO<\/strong> en: <a href=\"http:\/\/famiplay.com\/\" rel=\"noopener\" target=\"_blank\"><strong>www.famiplay.com<\/strong><\/a><\/p>\n<p>[\/vc_column_text][\/vc_column_inner][\/vc_row_inner][vc_separator type=&#8221;transparent&#8221; up=&#8221;20&#8243; down=&#8221;20&#8243;][\/vc_column][\/vc_row]<\/p>\n<\/div>","protected":false},"excerpt":{"rendered":"<p>Goya Producciones revela fragmentos de una entrevista in\u00e9dita con el Secretario personal del Papa Em\u00e9rito&#8230;<\/p>\n","protected":false},"author":12,"featured_media":24401,"comment_status":"open","ping_status":"open","sticky":false,"template":"","format":"standard","meta":{"footnotes":""},"categories":[60],"tags":[345,73,280,105],"class_list":["post-20519","post","type-post","status-publish","format-standard","has-post-thumbnail","hentry","category-noticias","tag-catolicos","tag-cine","tag-estrenos-cine","tag-papa-benedicto-xvi"],"_links":{"self":[{"href":"https:\/\/www.goyaproducciones.com\/en\/wp-json\/wp\/v2\/posts\/20519","targetHints":{"allow":["GET"]}}],"collection":[{"href":"https:\/\/www.goyaproducciones.com\/en\/wp-json\/wp\/v2\/posts"}],"about":[{"href":"https:\/\/www.goyaproducciones.com\/en\/wp-json\/wp\/v2\/types\/post"}],"author":[{"embeddable":true,"href":"https:\/\/www.goyaproducciones.com\/en\/wp-json\/wp\/v2\/users\/12"}],"replies":[{"embeddable":true,"href":"https:\/\/www.goyaproducciones.com\/en\/wp-json\/wp\/v2\/comments?post=20519"}],"version-history":[{"count":1,"href":"https:\/\/www.goyaproducciones.com\/en\/wp-json\/wp\/v2\/posts\/20519\/revisions"}],"predecessor-version":[{"id":20523,"href":"https:\/\/www.goyaproducciones.com\/en\/wp-json\/wp\/v2\/posts\/20519\/revisions\/20523"}],"wp:featuredmedia":[{"embeddable":true,"href":"https:\/\/www.goyaproducciones.com\/en\/wp-json\/wp\/v2\/media\/24401"}],"wp:attachment":[{"href":"https:\/\/www.goyaproducciones.com\/en\/wp-json\/wp\/v2\/media?parent=20519"}],"wp:term":[{"taxonomy":"category","embeddable":true,"href":"https:\/\/www.goyaproducciones.com\/en\/wp-json\/wp\/v2\/categories?post=20519"},{"taxonomy":"post_tag","embeddable":true,"href":"https:\/\/www.goyaproducciones.com\/en\/wp-json\/wp\/v2\/tags?post=20519"}],"curies":[{"name":"wp","href":"https:\/\/api.w.org\/{rel}","templated":true}]}}