{"id":20451,"date":"2022-11-01T11:29:21","date_gmt":"2022-11-01T10:29:21","guid":{"rendered":"https:\/\/www.goyaproducciones.com\/?p=20451"},"modified":"2025-06-10T15:06:56","modified_gmt":"2025-06-10T13:06:56","slug":"estreno-cines-america-petra-de-san-jose","status":"publish","type":"post","link":"https:\/\/www.goyaproducciones.com\/en\/estreno-cines-america-petra-de-san-jose\/","title":{"rendered":"Estreno Cines Am\u00e9rica \u201cPetra de San Jos\u00e9\u201d"},"content":{"rendered":"<div class=\"wpb-content-wrapper\"><p>[vc_row css_animation=&#8221;&#8221; row_type=&#8221;row&#8221; use_row_as_full_screen_section=&#8221;no&#8221; type=&#8221;full_width&#8221; angled_section=&#8221;no&#8221; text_align=&#8221;left&#8221; background_image_as_pattern=&#8221;without_pattern&#8221;][vc_column][vc_row_inner row_type=&#8221;row&#8221; type=&#8221;full_width&#8221; text_align=&#8221;left&#8221; css_animation=&#8221;&#8221;][vc_column_inner][vc_column_text]<\/p>\n<div style=\"font-weight: 400;\">\n<p>El pr\u00f3ximo mes de noviembre\u00a0llega a los cines en Am\u00e9rica\u00a0<b>\u201cLa Misionera de San Jos\u00e9. Vida de la beata Petra de San Jos\u00e9\u201d (2022)<\/b>, una nueva pel\u00edcula de\u00a0<a href=\"http:\/\/www.goyaproducciones.com\/\" target=\"_blank\" rel=\"noopener\" data-saferedirecturl=\"https:\/\/www.google.com\/url?q=http:\/\/www.goyaproducciones.com\/&amp;source=gmail&amp;ust=1667384747729000&amp;usg=AOvVaw0KLEumSdu1T79Fxm2bMgVJ\">Goya Producciones<\/a>\u00a0de gran \u00e9xito en Espa\u00f1a, dirigida por Pablo Moreno y producida en asociaci\u00f3n con\u00a0<a href=\"https:\/\/stellarumfilms.com\/\" target=\"_blank\" rel=\"noopener\" data-saferedirecturl=\"https:\/\/www.google.com\/url?q=https:\/\/stellarumfilms.com\/&amp;source=gmail&amp;ust=1667384747729000&amp;usg=AOvVaw0hC32kW7CHQ3Hv6NIUBVMB\">Stellarum Films<\/a>.<\/p>\n<p>La pel\u00edcula empezar\u00e1 su recorrido internacional en <b>Centroam\u00e9rica<\/b>, donde a partir del pr\u00f3ximo <b>3 de noviembre<\/b> podr\u00e1n disfrutarla en las salas de <a href=\"http:\/\/www.cinemarkca.com\/\" target=\"_blank\" rel=\"noopener\" data-saferedirecturl=\"https:\/\/www.google.com\/url?q=http:\/\/www.cinemarkca.com\/&amp;source=gmail&amp;ust=1667384747729000&amp;usg=AOvVaw1YyAg2Evwe5TUUWq1q-HMk\">Cinemark<\/a>\u00a0en Costa\u00a0Rica, El Salvador, Honduras, Guatemala, Nicaragua y Panam\u00e1. El 17 de noviembre el filme tendr\u00e1 su estreno en\u00a0M\u00e9xico\u00a0y el 24 de noviembre en\u00a0Colombia y Per\u00fa.<\/p>\n<div>\n<p>La cinta, basada en hechos reales, narra la historia de Ana, una joven valiente de un remoto pueblo del Sur de Espa\u00f1a que, a punto de casarse, renuncia a la boda para entregarse junto con un grupo de laicas, al cuidado de pobres y abandonados. Su ideal le lleva a fundar la\u00a0<b>Congregaci\u00f3n de Madres de Desamparados y San Jos\u00e9 de la Monta\u00f1a\u00a0<\/b>(presentes actualmente en Espa\u00f1a, Guatemala, M\u00e9xico, Argentina, Colombia y Estados Unidos). A partir de entonces, Ana cambia su nombre por Petra y su vida se convierte en una serie ininterrumpida de sorpresas, alegr\u00edas,\u00a0<b>apariciones de San Jos\u00e9<\/b>, y tambi\u00e9n de tragedias, calumnias y persecuciones dentro de la Iglesia. Como \u00faltimo recurso, Petra defender\u00e1 su causa ante el Papa San P\u00edo X.<\/p>\n<p>\u201cA m\u00ed, Petra me parece en cierto modo una precursora de lo que har\u00eda\u00a0<b>Madre Teresa de Calcuta<\/b>\u00a0medio siglo despu\u00e9s \u2013comenta el\u00a0<b>productor Andr\u00e9s Garrig\u00f3<\/b>\u2013. El ambiente social ser\u00eda distinto en la India, pero el fuego que animaba los corazones de Petra y Teresa era el mismo\u201d.<\/p>\n<p>\u201c\u00bfC\u00f3mo pudo Petra lograr tanto en su vida? La respuesta \u2013apunta el\u00a0<b>director Pablo Moreno<\/b>\u2013, est\u00e1 en un coraz\u00f3n misericordioso y emp\u00e1tico con quienes menos tienen en este mundo, con los desamparados, en un intento constante de restablecer la dignidad a quienes la han perdido\u201d.<\/p>\n<p>San Juan Pablo II, al beatificar a Petra en 1994, la llam\u00f3\u00a0<b>&#8220;mujer de coraz\u00f3n de fuego&#8221;<\/b>. Tambi\u00e9n se la conoce como\u00a0<b>&#8220;el ap\u00f3stol josefino del siglo XIX&#8221;<\/b>.<\/p>\n<\/div>\n<div><span style=\"font-family: arial, sans-serif; font-size: large;\"><br \/>\n<\/span><strong>M\u00e1s informaci\u00f3n y entradas en:<\/strong><br \/>\n<b><span style=\"font-size: large;\"><a href=\"http:\/\/www.cinemarkca.com\/\" target=\"_blank\" rel=\"noopener\" data-saferedirecturl=\"https:\/\/www.google.com\/url?q=http:\/\/www.cinemarkca.com&amp;source=gmail&amp;ust=1667384747729000&amp;usg=AOvVaw0m0e2OXdPxhWg4aVH2d_HE\">www.cinemarkca.com<\/a><\/span><br \/>\n<\/b><br \/>\n<strong>P\u00e1gina oficial:<\/strong>\u00a0<b><a href=\"http:\/\/www.petradesanjose.com\/\" target=\"_blank\" rel=\"noopener\" data-saferedirecturl=\"https:\/\/www.google.com\/url?q=http:\/\/www.petradesanjose.com&amp;source=gmail&amp;ust=1667384747729000&amp;usg=AOvVaw1U0q3ySdY6eEoAuNFeRbsB\">www.petradesanjose.<wbr \/>com<\/a><\/b><strong>Contacto prensa:<\/strong>\u00a0<strong><a href=\"mailto:prensa@goyaproducciones.com\" target=\"_blank\" rel=\"noopener\">prensa@goyaproducciones.com<\/a><\/strong>Material promocional Centroam\u00e9rica:\u00a0<a href=\"https:\/\/drive.google.com\/drive\/folders\/1m8QXYRUT3gyvt6GdAh7ToFrwZmt-pGBp?usp=sharing\" target=\"_blank\" rel=\"noopener\" data-saferedirecturl=\"https:\/\/www.google.com\/url?q=https:\/\/drive.google.com\/drive\/folders\/1m8QXYRUT3gyvt6GdAh7ToFrwZmt-pGBp?usp%3Dsharing&amp;source=gmail&amp;ust=1667384747729000&amp;usg=AOvVaw1EttLaHPHLoKFjr1wIPIc-\"><b><span style=\"font-size: large;\">AQU\u00cd<\/span><\/b><\/a><\/p>\n<\/div>\n<\/div>\n<p>[\/vc_column_text][\/vc_column_inner][\/vc_row_inner][vc_separator type=&#8221;transparent&#8221; up=&#8221;20&#8243; down=&#8221;20&#8243;][\/vc_column][\/vc_row][vc_row css_animation=&#8221;&#8221; row_type=&#8221;row&#8221; use_row_as_full_screen_section=&#8221;no&#8221; type=&#8221;full_width&#8221; angled_section=&#8221;no&#8221; text_align=&#8221;left&#8221; background_image_as_pattern=&#8221;without_pattern&#8221;][vc_column][\/vc_column][\/vc_row]<\/p>\n<\/div>","protected":false},"excerpt":{"rendered":"<p>El pr\u00f3ximo mes de noviembre llega a los cines en Am\u00e9rica \u201cLa Misionera de San Jos\u00e9. Vida de la beata Petra de San Jos\u00e9\u201d (2022), una nueva pel\u00edcula de Goya Producciones.<\/p>\n","protected":false},"author":12,"featured_media":24397,"comment_status":"open","ping_status":"open","sticky":false,"template":"","format":"standard","meta":{"footnotes":""},"categories":[60],"tags":[345,73,353,352,335,354],"class_list":["post-20451","post","type-post","status-publish","format-standard","has-post-thumbnail","hentry","category-noticias","tag-catolicos","tag-cine","tag-madres-desamparados","tag-petra-de-san-jose","tag-san-jose","tag-san-jose-de-la-montana"],"_links":{"self":[{"href":"https:\/\/www.goyaproducciones.com\/en\/wp-json\/wp\/v2\/posts\/20451","targetHints":{"allow":["GET"]}}],"collection":[{"href":"https:\/\/www.goyaproducciones.com\/en\/wp-json\/wp\/v2\/posts"}],"about":[{"href":"https:\/\/www.goyaproducciones.com\/en\/wp-json\/wp\/v2\/types\/post"}],"author":[{"embeddable":true,"href":"https:\/\/www.goyaproducciones.com\/en\/wp-json\/wp\/v2\/users\/12"}],"replies":[{"embeddable":true,"href":"https:\/\/www.goyaproducciones.com\/en\/wp-json\/wp\/v2\/comments?post=20451"}],"version-history":[{"count":4,"href":"https:\/\/www.goyaproducciones.com\/en\/wp-json\/wp\/v2\/posts\/20451\/revisions"}],"predecessor-version":[{"id":24396,"href":"https:\/\/www.goyaproducciones.com\/en\/wp-json\/wp\/v2\/posts\/20451\/revisions\/24396"}],"wp:featuredmedia":[{"embeddable":true,"href":"https:\/\/www.goyaproducciones.com\/en\/wp-json\/wp\/v2\/media\/24397"}],"wp:attachment":[{"href":"https:\/\/www.goyaproducciones.com\/en\/wp-json\/wp\/v2\/media?parent=20451"}],"wp:term":[{"taxonomy":"category","embeddable":true,"href":"https:\/\/www.goyaproducciones.com\/en\/wp-json\/wp\/v2\/categories?post=20451"},{"taxonomy":"post_tag","embeddable":true,"href":"https:\/\/www.goyaproducciones.com\/en\/wp-json\/wp\/v2\/tags?post=20451"}],"curies":[{"name":"wp","href":"https:\/\/api.w.org\/{rel}","templated":true}]}}