{"id":20444,"date":"2022-10-25T10:21:13","date_gmt":"2022-10-25T08:21:13","guid":{"rendered":"https:\/\/www.goyaproducciones.com\/?p=20444"},"modified":"2025-06-10T15:06:54","modified_gmt":"2025-06-10T13:06:54","slug":"fecha-de-estreno-madre-ven","status":"publish","type":"post","link":"https:\/\/www.goyaproducciones.com\/en\/fecha-de-estreno-madre-ven\/","title":{"rendered":"Fecha de estreno \u201cMadre Ven\u201d"},"content":{"rendered":"<div class=\"wpb-content-wrapper\"><p>[vc_row css_animation=&#8221;&#8221; row_type=&#8221;row&#8221; use_row_as_full_screen_section=&#8221;no&#8221; type=&#8221;full_width&#8221; angled_section=&#8221;no&#8221; text_align=&#8221;left&#8221; background_image_as_pattern=&#8221;without_pattern&#8221;][vc_column][vc_column_text]<\/p>\n<h1>&#8220;Madre Ven&#8221;<\/h1>\n<p>[\/vc_column_text][vc_separator type=&#8221;transparent&#8221; up=&#8221;5&#8243; down=&#8221;5&#8243;][vc_column_text]<\/p>\n<h3>Consulta la web de la pel\u00edcula: <a href=\"https:\/\/madrevenlapelicula.com\/\" target=\"_blank\" rel=\"noopener\">www.madrevenlapelicula.com<\/a><\/h3>\n<p>[\/vc_column_text][vc_separator type=&#8221;normal&#8221; up=&#8221;20&#8243; down=&#8221;20&#8243;][vc_separator type=&#8221;transparent&#8221; up=&#8221;20&#8243; down=&#8221;20&#8243;][vc_row_inner row_type=&#8221;row&#8221; type=&#8221;full_width&#8221; text_align=&#8221;left&#8221; css_animation=&#8221;&#8221;][vc_column_inner][vc_column_text]<\/p>\n<div style=\"font-weight: 400;\">\n<p>El pr\u00f3ximo 25 de noviembre se estrena en los cines de Espa\u00f1a <strong>\u201cMadre Ven\u201d,<\/strong> una pel\u00edcula que recoge numerosos testimonios de <strong>conversiones y favores extraordinarios <\/strong>ocurridos durante la peregrinaci\u00f3n \u2018Madre Ven\u2019, que tuvo lugar entre el 1 de mayo y el 12 de octubre de 2021, en plena pospandemia del COVID-19.<\/p>\n<p>\u201c<em>Era impresionante ver c\u00f3mo se iban abriendo las puertas, c\u00f3mo iba tomando forma tod<\/em>o\u201d, recuerdan desde la organizaci\u00f3n de \u2018Madre Ven\u2019. <strong>La iniciativa parti\u00f3 de un grupo de laicos<\/strong> <strong>y fue apoyada por las di\u00f3cesis<\/strong>, contando con la implicaci\u00f3n directa de varios obispos, algunos de los cuales aparecen en el filme.<\/p>\n<p><strong>Una peregrinaci\u00f3n ins\u00f3lita<\/strong><\/p>\n<p>\u201c<em>No era nadie peregrinando para ver a la Virgen<\/em>\u201d, explican desde la organizaci\u00f3n, \u201c<em>sino que la Virgen ha peregrinado para vernos a nosotros<\/em>. <em>La Virgen se sirvi\u00f3 de esa talla para hacerse presente y venir a visitarnos<\/em>\u201d.<\/p>\n<p>La imagen de Mar\u00eda Inmaculada vol\u00f3 desde \u00c9feso (Turqu\u00eda) hasta Zaragoza, y recorri\u00f3 <strong>un total de 10.800 kil\u00f3metros<\/strong>. Parti\u00f3 el 1 de mayo desde el Pilar hasta Santiago de Compostela, donde lleg\u00f3 durante las fiestas del Ap\u00f3stol del 25 de julio. Luego se desplaz\u00f3 por el resto del pa\u00eds, <strong>visitando santuarios, conventos, iglesias, hospitales, c\u00e1rceles<\/strong>, etc., para terminar el 12 de octubre, D\u00eda de la Hispanidad, en el Cerro de los \u00c1ngeles en Getafe (Madrid), junto al Sagrado Coraz\u00f3n de Jes\u00fas, \u201c<em>porque la Virgen siempre nos lleva a su Hijo<\/em>\u201d, como se expresa en la pel\u00edcula.<\/p>\n<p>\u201c<em>He descubierto que la Virgen es <strong>una Madre real<\/strong>, que est\u00e1 ah\u00ed y que me acompa\u00f1a todos los d\u00edas de mi vida<\/em>\u201d, cuenta Alejandra, estudiante de Madrid. \u201c<em>La Virgen fue <strong>una tabla de salvaci\u00f3n<\/strong>, porque mi familia se estaba desintegrando<\/em>\u201d, explica M\u00f3nica, de Albatera (Alicante), recordando c\u00f3mo la imagen de la Virgen <strong>entr\u00f3 en su propia casa<\/strong> para visitar a su hija enferma.<\/p>\n<p><strong>La acci\u00f3n de la Virgen en la realidad y en la ficci\u00f3n<\/strong><\/p>\n<p>Adem\u00e1s de todas las grabaciones e im\u00e1genes tomadas durante la peregrinaci\u00f3n y de los testimonios recogidos posteriormente, \u201cMadre Ven\u201d cuenta con una <strong>historia de ficci\u00f3n<\/strong>, dirigida por Pablo Moreno.<\/p>\n<p>En ella, Tato (Juan Lombardero) celebra su 80 cumplea\u00f1os rodeado de sus hijas y sus nietos. Son momentos complicados para la familia, ya que su hija Mar\u00eda (Cristina Mediero) est\u00e1 a punto de divorciarse de su marido Pedro (Javier Lorenzo), mientras Carmen (Marta Romero), la hermana mayor, intenta buscar una soluci\u00f3n. Ning\u00fan miembro de la familia parece conservar la fe cristiana, que Tato y su difunta esposa tanto se esforzaron en transmitirles, de modo que sus nietos <strong>ni siquiera saben qui\u00e9n es la Virgen Mar\u00eda<\/strong>.<\/p>\n<p>La aparici\u00f3n de un viejo malet\u00edn lleno de <strong>fotograf\u00edas de la peregrinaci\u00f3n \u2018Madre Ven\u2019<\/strong> supondr\u00e1 un antes y un despu\u00e9s en las vidas de Tato y su familia, provocando un giro vital que parec\u00eda del todo imposible.<\/p>\n<p><strong>Peregrinar desde una sala de cine<\/strong><\/p>\n<p>La intenci\u00f3n de esta producci\u00f3n es <strong>volver a sacar a la Virgen para que recorra Espa\u00f1a a trav\u00e9s de las salas de cine<\/strong>. A lo largo de los 106 minutos de duraci\u00f3n de la pel\u00edcula, el espectador tendr\u00e1 la ocasi\u00f3n de participar de esta peregrinaci\u00f3n, contemplando los variopintos paisajes y lugares por los que pas\u00f3 la imagen, y conociendo m\u00e1s de una decena de testimonios que aseguran que <strong>\u2018Madre Ven\u2019 les cambi\u00f3 la vida<\/strong>.<\/p>\n<p>Todos los detalles de la pel\u00edcula est\u00e1n disponibles en la p\u00e1gina web oficial: <u>https:\/\/madrevenlapelicula.com\/<\/u><\/p>\n<p><strong>Sinopsis<\/strong><\/p>\n<p>En su 80 cumplea\u00f1os, Tato encuentra unas viejas fotograf\u00edas de una peregrinaci\u00f3n mariana. Este hallazgo reavivar\u00e1 sus recuerdos y provocar\u00e1 un vuelco en la complicada situaci\u00f3n de su familia. \u2018Madre Ven\u2019 fue un evento sin precedentes en Espa\u00f1a. En plena pospandemia de COVID-19, una imagen de Mar\u00eda Inmaculada recorri\u00f3 10.800 kil\u00f3metros durante seis meses a lo largo de gran parte del pa\u00eds. Miles de personas acompa\u00f1aron a la Virgen y muchos afirman que sintieron su presencia real, ofreci\u00e9ndoles luz y esperanza en momentos dif\u00edciles.<\/p>\n<\/div>\n<p>[\/vc_column_text][\/vc_column_inner][\/vc_row_inner][vc_separator type=&#8221;transparent&#8221; up=&#8221;20&#8243; down=&#8221;20&#8243;][\/vc_column][\/vc_row]<\/p>\n<\/div>","protected":false},"excerpt":{"rendered":"<p>El 25 de noviembre se estrena en cines de Espa\u00f1a la pel\u00edcula \u201cMadre Ven\u201d, que recoge numerosos testimonios de conversiones y favores extraordinarios ocurridos durante la peregrinaci\u00f3n.<\/p>\n","protected":false},"author":12,"featured_media":24394,"comment_status":"open","ping_status":"open","sticky":false,"template":"","format":"standard","meta":{"footnotes":""},"categories":[60],"tags":[345,73,280,351,185],"class_list":["post-20444","post","type-post","status-publish","format-standard","has-post-thumbnail","hentry","category-noticias","tag-catolicos","tag-cine","tag-estrenos-cine","tag-madre-ven","tag-virgen-maria"],"_links":{"self":[{"href":"https:\/\/www.goyaproducciones.com\/en\/wp-json\/wp\/v2\/posts\/20444","targetHints":{"allow":["GET"]}}],"collection":[{"href":"https:\/\/www.goyaproducciones.com\/en\/wp-json\/wp\/v2\/posts"}],"about":[{"href":"https:\/\/www.goyaproducciones.com\/en\/wp-json\/wp\/v2\/types\/post"}],"author":[{"embeddable":true,"href":"https:\/\/www.goyaproducciones.com\/en\/wp-json\/wp\/v2\/users\/12"}],"replies":[{"embeddable":true,"href":"https:\/\/www.goyaproducciones.com\/en\/wp-json\/wp\/v2\/comments?post=20444"}],"version-history":[{"count":5,"href":"https:\/\/www.goyaproducciones.com\/en\/wp-json\/wp\/v2\/posts\/20444\/revisions"}],"predecessor-version":[{"id":20450,"href":"https:\/\/www.goyaproducciones.com\/en\/wp-json\/wp\/v2\/posts\/20444\/revisions\/20450"}],"wp:featuredmedia":[{"embeddable":true,"href":"https:\/\/www.goyaproducciones.com\/en\/wp-json\/wp\/v2\/media\/24394"}],"wp:attachment":[{"href":"https:\/\/www.goyaproducciones.com\/en\/wp-json\/wp\/v2\/media?parent=20444"}],"wp:term":[{"taxonomy":"category","embeddable":true,"href":"https:\/\/www.goyaproducciones.com\/en\/wp-json\/wp\/v2\/categories?post=20444"},{"taxonomy":"post_tag","embeddable":true,"href":"https:\/\/www.goyaproducciones.com\/en\/wp-json\/wp\/v2\/tags?post=20444"}],"curies":[{"name":"wp","href":"https:\/\/api.w.org\/{rel}","templated":true}]}}