{"id":18976,"date":"2021-02-08T11:09:39","date_gmt":"2021-02-08T10:09:39","guid":{"rendered":"https:\/\/www.goyaproducciones.com\/?p=18976"},"modified":"2025-06-10T15:05:06","modified_gmt":"2025-06-10T13:05:06","slug":"countdown-of-the-new-film-tierra-santa-el-ultimo-peregrino","status":"publish","type":"post","link":"https:\/\/www.goyaproducciones.com\/en\/countdown-of-the-new-film-tierra-santa-el-ultimo-peregrino\/","title":{"rendered":"Countdown of the new film: &#8220;Tierra Santa, El \u00daltimo Peregrino&#8221;"},"content":{"rendered":"<div class=\"wpb-content-wrapper\"><p>[vc_row css_animation=&#8221;&#8221; row_type=&#8221;row&#8221; use_row_as_full_screen_section=&#8221;no&#8221; type=&#8221;full_width&#8221; angled_section=&#8221;no&#8221; text_align=&#8221;left&#8221; background_image_as_pattern=&#8221;without_pattern&#8221;][vc_column][vc_column_text]<\/p>\n<h1>Will the Land of Christ be left without Christians?<\/h1>\n<p>[\/vc_column_text][vc_separator type=&#8221;normal&#8221; up=&#8221;20&#8243; down=&#8221;20&#8243;][vc_column_text]Goya Producciones will shoot the fiction part of its new feature film \u201cTierra Santa, El \u00daltimo Peregrino\u201d, after finishing the documentary part of the film, which was mainly shot in Israel. Simultaneously, the producer starts a\u00a0<a href=\"https:\/\/www.tierrasantalapelicula.com\/\" target=\"_blank\" rel=\"noopener noreferrer\">crowfunding<\/a> appealing for popular solidarity to complete the financing of the project.<\/p>\n<p>&#8220;This film is going to be a shock to Christians who have forgotten their biblical origins, and at the same time a help to Christians in the Holy Land which, in these tough times, is empty and without pilgrims,&#8221; said the director of the production company, <strong>Andr\u00e9s Garrig\u00f3<\/strong>.<\/p>\n<p>&#8220;The Holy Land, he added, was already being emptied of pilgrims before Covid-19 because of other viruses: indifference and disbelief. But now the living stones that are native Christians have to emigrate in search of work. &#8221;<\/p>\n<p>Will the Land of Christ be left without Christians? That is what this 85-minute film aims to avoid. To achieve its goal, it gathers ten shocking testimonies from non-believers, or non-practitioners, who travelled to the holy places of Israel and that experience caused a turnaround in their lives.<\/p>\n<p>With a format similar to that of &#8220;An Ardent Heart&#8221; and &#8220;Fatima, the Ultimate Mystery&#8221;, the film intertwines these testimonies with a fictional plot around the plight of a mother who struggles with her children&#8217;s hostility to her pilgrimage plans to the tomb of Jesus.<\/p>\n<p>For the director, &#8220;this film is not about ruins, it is not a tourist documentary &#8230; It is about mysteries, about miraculous changes, about salvation &#8230; It injects optimism. It invites you to contribute to change things. To rise above pandemics and setbacks , seeing on screen the dazzling light of the Resurrection \u201d.[\/vc_column_text][vc_separator type=&#8221;transparent&#8221; up=&#8221;20&#8243; down=&#8221;20&#8243;][vc_single_image image=&#8221;18979&#8243; img_size=&#8221;full&#8221; alignment=&#8221;center&#8221; qode_css_animation=&#8221;&#8221;][vc_separator type=&#8221;transparent&#8221; up=&#8221;20&#8243; down=&#8221;20&#8243;][vc_row_inner row_type=&#8221;row&#8221; type=&#8221;full_width&#8221; text_align=&#8221;left&#8221; css_animation=&#8221;&#8221;][vc_column_inner width=&#8221;2\/3&#8243;][vc_column_text]<strong>Pa\u0301gina Web<\/strong>: <a href=\"https:\/\/www.tierrasantalapelicula.com\/\" target=\"_blank\" rel=\"noopener noreferrer\">www.tierrasantalapelicula.com<\/a><br \/>\n<strong>Promo<\/strong>: <a href=\"https:\/\/youtu.be\/ZtT0ZeZJ6vw\" target=\"_blank\" rel=\"noopener noreferrer\">https:\/\/youtu.be\/ZtT0ZeZJ6vw<\/a><\/p>\n<p><strong>FICHA T\u00c9CNICA<\/strong><\/p>\n<p><strong>T\u00edtulo<\/strong>: Tierra Santa, El \u00daltimo Peregrino<br \/>\n<strong>G\u00e9nero<\/strong>: Drama<br \/>\n<strong>Duraci\u00f3n<\/strong>: 85\u00a0minutos<br \/>\n<strong>Pa\u00eds<\/strong>: Espa\u00f1a<br \/>\n<strong>A\u00f1o<\/strong>: 2021<br \/>\n<strong>Director:<\/strong> Andr\u00e9s Garrig\u00f3 y Pablo Moreno<br \/>\n<strong>Gui\u00f3n:\u00a0<\/strong>Andr\u00e9s Garrig\u00f3, Pedro Delgado, Benjam\u00edn Lorenzo<br \/>\n<strong>Casting: <\/strong>Alex Larumbe, Rafa Jim\u00e9nez, Susi Lillo, Carlos Ca\u00f1as, Wendy Gara, Alex Tormo<br \/>\n<strong>Producida por:<\/strong> Narrow Gate 2020 AIE y Goya Producciones[\/vc_column_text][vc_separator type=&#8221;transparent&#8221; up=&#8221;20&#8243; down=&#8221;20&#8243;][\/vc_column_inner][vc_column_inner width=&#8221;1\/3&#8243;][vc_raw_html]JTNDaWZyYW1lJTIwc3R5bGUlM0QlMjJib3JkZXIlM0EwJTNCJTIyJTIwaGVpZ2h0JTNEJTIyMzIwJTIyJTIwd2lkdGglM0QlMjIzMjAlMjIlMjBzY3JvbGxpbmclM0QlMjJubyUyMiUyMHNyYyUzRCUyMmh0dHBzJTNBJTJGJTJGd3d3LnN0b2NrY3Jvd2QuY29tJTJGYm94d2ViJTJGZW1iZWRlZCUyRjM3NDElMjIlMjAlM0UlM0MlMkZpZnJhbWUlM0U=[\/vc_raw_html][\/vc_column_inner][\/vc_row_inner][vc_separator type=&#8221;transparent&#8221; up=&#8221;20&#8243; down=&#8221;20&#8243;][\/vc_column][\/vc_row]<\/p>\n<\/div>","protected":false},"excerpt":{"rendered":"<p>Goya Producciones will shoot the fiction part of its new feature film \u201cTierra Santa, El \u00daltimo Peregrino\u201d, after finishing the documentary part of the film, which was mainly shot in Israel&#8230;<\/p>\n","protected":false},"author":12,"featured_media":24331,"comment_status":"open","ping_status":"open","sticky":false,"template":"","format":"standard","meta":{"footnotes":""},"categories":[60],"tags":[280,279],"class_list":["post-18976","post","type-post","status-publish","format-standard","has-post-thumbnail","hentry","category-noticias","tag-estrenos-cine","tag-estrenos-de-cine-digital"],"_links":{"self":[{"href":"https:\/\/www.goyaproducciones.com\/en\/wp-json\/wp\/v2\/posts\/18976","targetHints":{"allow":["GET"]}}],"collection":[{"href":"https:\/\/www.goyaproducciones.com\/en\/wp-json\/wp\/v2\/posts"}],"about":[{"href":"https:\/\/www.goyaproducciones.com\/en\/wp-json\/wp\/v2\/types\/post"}],"author":[{"embeddable":true,"href":"https:\/\/www.goyaproducciones.com\/en\/wp-json\/wp\/v2\/users\/12"}],"replies":[{"embeddable":true,"href":"https:\/\/www.goyaproducciones.com\/en\/wp-json\/wp\/v2\/comments?post=18976"}],"version-history":[{"count":4,"href":"https:\/\/www.goyaproducciones.com\/en\/wp-json\/wp\/v2\/posts\/18976\/revisions"}],"predecessor-version":[{"id":19001,"href":"https:\/\/www.goyaproducciones.com\/en\/wp-json\/wp\/v2\/posts\/18976\/revisions\/19001"}],"wp:featuredmedia":[{"embeddable":true,"href":"https:\/\/www.goyaproducciones.com\/en\/wp-json\/wp\/v2\/media\/24331"}],"wp:attachment":[{"href":"https:\/\/www.goyaproducciones.com\/en\/wp-json\/wp\/v2\/media?parent=18976"}],"wp:term":[{"taxonomy":"category","embeddable":true,"href":"https:\/\/www.goyaproducciones.com\/en\/wp-json\/wp\/v2\/categories?post=18976"},{"taxonomy":"post_tag","embeddable":true,"href":"https:\/\/www.goyaproducciones.com\/en\/wp-json\/wp\/v2\/tags?post=18976"}],"curies":[{"name":"wp","href":"https:\/\/api.w.org\/{rel}","templated":true}]}}