{"id":18945,"date":"2020-01-01T15:05:02","date_gmt":"2020-01-01T14:05:02","guid":{"rendered":"https:\/\/www.goyaproducciones.com\/?p=18945"},"modified":"2025-06-10T16:35:37","modified_gmt":"2025-06-10T14:35:37","slug":"villancico-2020-es-navidad-coro-de-tajamar","status":"publish","type":"post","link":"https:\/\/www.goyaproducciones.com\/en\/villancico-2020-es-navidad-coro-de-tajamar\/","title":{"rendered":"Villancico 2020 Es Navidad &#8211; Coro de Tajamar"},"content":{"rendered":"<div class=\"wpb-content-wrapper\"><p>[vc_row css_animation=&#8221;&#8221; row_type=&#8221;row&#8221; use_row_as_full_screen_section=&#8221;no&#8221; type=&#8221;full_width&#8221; angled_section=&#8221;no&#8221; text_align=&#8221;left&#8221; background_image_as_pattern=&#8221;without_pattern&#8221;][vc_column][vc_column_text]Cada a\u00f1o los villancicos del Coro del Colegio Tajamar en Madrid llevan la alegr\u00eda del nacimiento de Jes\u00fas a millones de hogares alrededor del mundo. El villancico de este a\u00f1o se titula &#8220;Es Navidad&#8221;. Cuenta con la participaci\u00f3n de Javi Nieves de CADENA 100 y nuestra peque\u00f1a colaboraci\u00f3n.[\/vc_column_text][\/vc_column][\/vc_row]<\/p>\n<\/div>","protected":false},"excerpt":{"rendered":"<p>Cada a\u00f1o los villancicos del Coro del Colegio Tajamar en Madrid llevan la alegr\u00eda del nacimiento de Jes\u00fas a millones de hogares alrededor del mundo. El villancico de este a\u00f1o se titula &#8220;Es Navidad&#8221;. Cuenta con la participaci\u00f3n de Javi Nieves de CADENA 100 y nuestra peque\u00f1a colaboraci\u00f3n.<\/p>\n","protected":false},"author":12,"featured_media":24330,"comment_status":"open","ping_status":"open","sticky":false,"template":"","format":"video","meta":{"footnotes":""},"categories":[111],"tags":[280,279],"class_list":["post-18945","post","type-post","status-publish","format-video","has-post-thumbnail","hentry","category-news","tag-estrenos-cine","tag-estrenos-de-cine-digital","post_format-post-format-video"],"_links":{"self":[{"href":"https:\/\/www.goyaproducciones.com\/en\/wp-json\/wp\/v2\/posts\/18945","targetHints":{"allow":["GET"]}}],"collection":[{"href":"https:\/\/www.goyaproducciones.com\/en\/wp-json\/wp\/v2\/posts"}],"about":[{"href":"https:\/\/www.goyaproducciones.com\/en\/wp-json\/wp\/v2\/types\/post"}],"author":[{"embeddable":true,"href":"https:\/\/www.goyaproducciones.com\/en\/wp-json\/wp\/v2\/users\/12"}],"replies":[{"embeddable":true,"href":"https:\/\/www.goyaproducciones.com\/en\/wp-json\/wp\/v2\/comments?post=18945"}],"version-history":[{"count":1,"href":"https:\/\/www.goyaproducciones.com\/en\/wp-json\/wp\/v2\/posts\/18945\/revisions"}],"predecessor-version":[{"id":18949,"href":"https:\/\/www.goyaproducciones.com\/en\/wp-json\/wp\/v2\/posts\/18945\/revisions\/18949"}],"wp:featuredmedia":[{"embeddable":true,"href":"https:\/\/www.goyaproducciones.com\/en\/wp-json\/wp\/v2\/media\/24330"}],"wp:attachment":[{"href":"https:\/\/www.goyaproducciones.com\/en\/wp-json\/wp\/v2\/media?parent=18945"}],"wp:term":[{"taxonomy":"category","embeddable":true,"href":"https:\/\/www.goyaproducciones.com\/en\/wp-json\/wp\/v2\/categories?post=18945"},{"taxonomy":"post_tag","embeddable":true,"href":"https:\/\/www.goyaproducciones.com\/en\/wp-json\/wp\/v2\/tags?post=18945"}],"curies":[{"name":"wp","href":"https:\/\/api.w.org\/{rel}","templated":true}]}}