{"id":17805,"date":"2017-10-03T11:33:20","date_gmt":"2017-10-03T09:33:20","guid":{"rendered":"https:\/\/www.goyaproducciones.com\/?p=17805"},"modified":"2025-06-10T14:58:43","modified_gmt":"2025-06-10T12:58:43","slug":"premio-niepokalana-fatima-el-ultimo-misterio","status":"publish","type":"post","link":"https:\/\/www.goyaproducciones.com\/en\/premio-niepokalana-fatima-el-ultimo-misterio\/","title":{"rendered":"Premio Niepokalana 2017 &#8220;F\u00e1tima el \u00faltimo misterio&#8221;"},"content":{"rendered":"<p>La pel\u00edcula documental \u201cF\u00e1tima, el \u00daltimo Misterio\u201d ha ganado el\u00a0<strong>Premio a mejor largometraje en el XXXII Festival Niepokalana\u00a0<\/strong>celebrado en la ciudad de Varsovia (Polonia). Para el jurado, la pel\u00edcula refleja\u00a0&#8220;<em>una\u00a0historia dramatizada sobre la lectura contempor\u00e1nea del papel de las apariciones en F\u00e1tima en la ca\u00edda del Comunismo, incluyendo el papel del primado Wyszy\u0144ski y del Papa Juan Pablo II\u00a0y su impacto en la vida actual de la gente&#8221;<\/em>.<\/p>\n<p>Adem\u00e1s, el director de Goya Producciones,\u00a0<strong>Andr\u00e9s Garrig\u00f3<\/strong>, recibi\u00f3 el\u00a0<strong>Premio &#8220;Julian Kulenty&#8221;<\/strong>\u00a0por su trayectoria profesional en la producci\u00f3n y distribuci\u00f3n de documentales y pel\u00edculas de especial valor\u00a0espiritual. Otros ganadores de este premio han sido los\u00a0directores Mel Gibson y Philip Groning o la Madre Ang\u00e9lica de EWTN.<\/p>\n<p><strong>&#8220;F\u00e1tima, el \u00daltimo Misterio&#8221;<\/strong>\u00a0contin\u00faa su senda de estrenos internacionales. En Polonia contin\u00faa en cartelera tras siete semanas y m\u00e1s de\u00a060.000 espectadores, y en Ecuador est\u00e1 ya\u00a0en su cuarta semana consecutiva de proyecci\u00f3n.\u00a0El 12 de octubre se estrenar\u00e1\u00a0en cines de Colombia, Guatemala, Salvador, Costa Rica y Panam\u00e1. Al mismo tiempo se est\u00e1 e negociaciones\u00a0para otros pa\u00edses como M\u00e9xico, Brasil y Estados Unidos.<\/p>\n<p><em>Para m\u00e1s informaci\u00f3n: <a href=\"http:\/\/www.fatimaeldocumental.com\/\" target=\"_blank\" rel=\"noopener\">www.fatimaeldocumental.com<\/a><\/em><\/p>\n<p><em>Para solicitar pases en Espa\u00f1a y el resto del mundo entra en <a href=\"http:\/\/www.fatimaeldocumental.com\/organiza-tu-pase\/\" target=\"_blank\" rel=\"noopener\">organiza-tu-pase<\/a><\/em><\/p>\n","protected":false},"excerpt":{"rendered":"<p>La pel\u00edcula documental \u201cF\u00e1tima, el \u00daltimo Misterio\u201d ha ganado el\u00a0Premio a mejor largometraje en el XXXII Festival Niepokalana\u00a0celebrado en la ciudad de Varsovia (Polonia). Para el jurado, la pel\u00edcula refleja\u00a0&#8220;una\u00a0historia dramatizada sobre la lectura contempor\u00e1nea del papel de las apariciones en F\u00e1tima en la ca\u00edda&#8230;<\/p>\n","protected":false},"author":12,"featured_media":24227,"comment_status":"open","ping_status":"open","sticky":false,"template":"","format":"standard","meta":{"footnotes":""},"categories":[60],"tags":[184,183,103,182,185],"class_list":["post-17805","post","type-post","status-publish","format-standard","has-post-thumbnail","hentry","category-noticias","tag-colombia","tag-ecuador","tag-fatima","tag-polonia","tag-virgen-maria"],"_links":{"self":[{"href":"https:\/\/www.goyaproducciones.com\/en\/wp-json\/wp\/v2\/posts\/17805","targetHints":{"allow":["GET"]}}],"collection":[{"href":"https:\/\/www.goyaproducciones.com\/en\/wp-json\/wp\/v2\/posts"}],"about":[{"href":"https:\/\/www.goyaproducciones.com\/en\/wp-json\/wp\/v2\/types\/post"}],"author":[{"embeddable":true,"href":"https:\/\/www.goyaproducciones.com\/en\/wp-json\/wp\/v2\/users\/12"}],"replies":[{"embeddable":true,"href":"https:\/\/www.goyaproducciones.com\/en\/wp-json\/wp\/v2\/comments?post=17805"}],"version-history":[{"count":1,"href":"https:\/\/www.goyaproducciones.com\/en\/wp-json\/wp\/v2\/posts\/17805\/revisions"}],"predecessor-version":[{"id":17807,"href":"https:\/\/www.goyaproducciones.com\/en\/wp-json\/wp\/v2\/posts\/17805\/revisions\/17807"}],"wp:featuredmedia":[{"embeddable":true,"href":"https:\/\/www.goyaproducciones.com\/en\/wp-json\/wp\/v2\/media\/24227"}],"wp:attachment":[{"href":"https:\/\/www.goyaproducciones.com\/en\/wp-json\/wp\/v2\/media?parent=17805"}],"wp:term":[{"taxonomy":"category","embeddable":true,"href":"https:\/\/www.goyaproducciones.com\/en\/wp-json\/wp\/v2\/categories?post=17805"},{"taxonomy":"post_tag","embeddable":true,"href":"https:\/\/www.goyaproducciones.com\/en\/wp-json\/wp\/v2\/tags?post=17805"}],"curies":[{"name":"wp","href":"https:\/\/api.w.org\/{rel}","templated":true}]}}