{"id":17577,"date":"2017-01-19T10:23:53","date_gmt":"2017-01-19T09:23:53","guid":{"rendered":"https:\/\/www.goyaproducciones.com\/?p=17577"},"modified":"2025-06-10T14:58:19","modified_gmt":"2025-06-10T12:58:19","slug":"lanzamiento-del-documental-los-dominicos","status":"publish","type":"post","link":"https:\/\/www.goyaproducciones.com\/en\/lanzamiento-del-documental-los-dominicos\/","title":{"rendered":"Lanzamiento del documental sobre los Dominicos"},"content":{"rendered":"<div class=\"wpb-content-wrapper\"><p>[vc_row row_type=&#8221;row&#8221; use_row_as_full_screen_section=&#8221;no&#8221; type=&#8221;full_width&#8221; angled_section=&#8221;no&#8221; text_align=&#8221;left&#8221; background_image_as_pattern=&#8221;without_pattern&#8221; css_animation=&#8221;&#8221;][vc_column width=&#8221;2\/3&#8243;][vc_column_text]<\/p>\n<p><strong>Goya Producciones\u00a0<\/strong>lanza el documental\u00a0<em><strong>Dominicos, Santo Domingo y la Orden de Predicadores<\/strong><\/em>\u00a0coincidiendo con la clausura del Jubileo de la Orden por los 800 a\u00f1os de su fundaci\u00f3n. El Papa Francisco tambi\u00e9n se ha unido a este Jubileo con la celebraci\u00f3n de la Santa Misa de clausura en enero de este a\u00f1o.<\/p>\n<p><strong>&#8220;Dominicos&#8221;<\/strong> es un impactante documental que desvela la historia e inc\u00f3gnitas sobre qui\u00e9nes son los dominicos, c\u00f3mo han influido en la cultura europea, su papel en los tribunales de la Inquisici\u00f3n o c\u00f3mo <strong>Santo Domingo de Guzm\u00e1n<\/strong> recibi\u00f3 el Rosario de la Virgen y extendi\u00f3 esta oraci\u00f3n por todo el mundo.<\/p>\n<p>Entre otros mucho temas, desmonta mitos y explica las verdades de la Orden. Un recorrido a lo largo de su historia de la mano de santos dominicos como <strong>Catalina de Siena<\/strong>, <strong>Rosa de Lima<\/strong>, <strong>Mart\u00edn de Porres<\/strong>, y <strong>santo Tom\u00e1s de Aquino<\/strong>.<\/p>\n<p>Ocho siglos de historia al servicio de la Iglesia relatados en un documental, imprescindible para acercar al espectador al modo de vida de sus miembros.<\/p>\n<p><code><\/p>\n<p>[\/vc_column_text][\/vc_column][vc_column width=\"1\/3\"][vc_row_inner row_type=\"row\" type=\"full_width\" text_align=\"left\" css_animation=\"\" css=\".vc_custom_1466075382976{padding-left: 15px !important;}\"][vc_column_inner width=\"1\/2\"][vc_facebook type=\"button_count\"][\/vc_column_inner][vc_column_inner width=\"1\/2\"][vc_tweetmeme share_via=\"goyaproductions\" share_recommend=\"goyaproductions\"][\/vc_column_inner][\/vc_row_inner][vc_empty_space height=\"20px\"]<blockquote class=' with_quote_icon' style=''><i class='fa fa-quote-right' style='color: #e95b10;'><\/i><h5 class='blockquote-text' style='color: #000000;'>Dominicos, un impactante e imprescindible documental<\/h5><\/blockquote>[vc_empty_space height=\"20px\"]<blockquote class=' with_quote_icon' style=''><i class='fa fa-quote-right' style='color: #e95b10;'><\/i><h5 class='blockquote-text' style='color: #000000;'>Los Dominicos llevan ocho siglos de historia al servicio de la Iglesia<\/h5><\/blockquote>[vc_empty_space height=\"20px\"][\/vc_column][\/vc_row]<\/p>\n<\/div>","protected":false},"excerpt":{"rendered":"<p>Goya Producciones lanza el documental Dominicos, Santo Domingo y la Orden de Predicadores coincidiendo con la clausura del Jubileo que ha acontecido por los 800 a\u00f1os de historia de la Orden.<\/p>\n","protected":false},"author":6,"featured_media":24212,"comment_status":"open","ping_status":"open","sticky":false,"template":"","format":"standard","meta":{"footnotes":""},"categories":[60],"tags":[],"class_list":["post-17577","post","type-post","status-publish","format-standard","has-post-thumbnail","hentry","category-noticias"],"_links":{"self":[{"href":"https:\/\/www.goyaproducciones.com\/en\/wp-json\/wp\/v2\/posts\/17577","targetHints":{"allow":["GET"]}}],"collection":[{"href":"https:\/\/www.goyaproducciones.com\/en\/wp-json\/wp\/v2\/posts"}],"about":[{"href":"https:\/\/www.goyaproducciones.com\/en\/wp-json\/wp\/v2\/types\/post"}],"author":[{"embeddable":true,"href":"https:\/\/www.goyaproducciones.com\/en\/wp-json\/wp\/v2\/users\/6"}],"replies":[{"embeddable":true,"href":"https:\/\/www.goyaproducciones.com\/en\/wp-json\/wp\/v2\/comments?post=17577"}],"version-history":[{"count":6,"href":"https:\/\/www.goyaproducciones.com\/en\/wp-json\/wp\/v2\/posts\/17577\/revisions"}],"predecessor-version":[{"id":17585,"href":"https:\/\/www.goyaproducciones.com\/en\/wp-json\/wp\/v2\/posts\/17577\/revisions\/17585"}],"wp:featuredmedia":[{"embeddable":true,"href":"https:\/\/www.goyaproducciones.com\/en\/wp-json\/wp\/v2\/media\/24212"}],"wp:attachment":[{"href":"https:\/\/www.goyaproducciones.com\/en\/wp-json\/wp\/v2\/media?parent=17577"}],"wp:term":[{"taxonomy":"category","embeddable":true,"href":"https:\/\/www.goyaproducciones.com\/en\/wp-json\/wp\/v2\/categories?post=17577"},{"taxonomy":"post_tag","embeddable":true,"href":"https:\/\/www.goyaproducciones.com\/en\/wp-json\/wp\/v2\/tags?post=17577"}],"curies":[{"name":"wp","href":"https:\/\/api.w.org\/{rel}","templated":true}]}}