{"id":17552,"date":"2016-11-15T09:11:10","date_gmt":"2016-11-15T08:11:10","guid":{"rendered":"https:\/\/www.goyaproducciones.com\/?p=17552"},"modified":"2025-06-10T14:58:15","modified_gmt":"2025-06-10T12:58:15","slug":"se-estrena-madrid-documental-rafaela-ybarra","status":"publish","type":"post","link":"https:\/\/www.goyaproducciones.com\/en\/se-estrena-madrid-documental-rafaela-ybarra\/","title":{"rendered":"Se estrena en Madrid el documental &#8220;Rafaela Ybarra&#8221;"},"content":{"rendered":"<div class=\"wpb-content-wrapper\"><p>[vc_row row_type=&#8221;row&#8221; use_row_as_full_screen_section=&#8221;no&#8221; type=&#8221;full_width&#8221; angled_section=&#8221;no&#8221; text_align=&#8221;left&#8221; background_image_as_pattern=&#8221;without_pattern&#8221; css_animation=&#8221;&#8221;][vc_column width=&#8221;2\/3&#8243;][vc_column_text]Goya Producciones distribuye el documental\u00a0<em>&#8220;Rafaela Ybarra, una historia de amor y entrega en el Bilbao Industrial&#8221;<\/em>, que muestra la figura de una de las mujeres m\u00e1s ilustres de Bilbao, cuyo proceso de canonizaci\u00f3n se halla muy avanzado. El documental est\u00e1 producido por la Fundaci\u00f3n Beata Rafaela Ybarra gracias a todas las aportaciones y donativos de sus colaboradores.<\/p>\n<p>El rodaje de las recreaciones se ha llevado a cabo en los palacetes de La Cava junto a la Universidad de Deusto, (hoy Casa-Museo donde ella cr\u00edo a sus hijos y muri\u00f3), el colegio de los \u00c1ngeles Custodios en Zabalbide (fue su promotora y fundadora), la Catedral y alguna de las \u201csiete calles\u201d m\u00e1s emblem\u00e1ticas del Casco Viejo, sin olvidar la Estaci\u00f3n de Abando.<\/p>\n<p>El documental pretende atraer a todos los p\u00fablicos al transmitir su espiritualidad de una manera cercana y amena. Durante la narraci\u00f3n se intercalan extractos de distintas entrevistas a varias personalidades, entre las que cabe destacar\u00a0<strong>Don Ricardo Bl\u00e1zquez<\/strong>, cardenal arzobispo de Valladolid, actual presidente de la Conferencia Episcopal Espa\u00f1ola y anterior obispo de Bilbao;\u00a0<strong>Don Mario Iceta<\/strong>, obispo de Bilbao; as\u00ed como la periodista\u00a0<strong>Paloma G\u00f3mez Borrero<\/strong>, ex corresponsal de TVE en el Vaticano; y varios descendientes directos de la propia Rafaela Ybarra. Por su parte, la historiadora Mar\u00eda Jes\u00fas Cava ser\u00e1 la encargada de enmarcar a Rafaela en el Bilbao de la \u00e9poca.<\/p>\n<p>La Fundaci\u00f3n tambi\u00e9n quiere fomentar su visionado en colegios como material escolar junto a la reciente biograf\u00eda novelada\u00a0<em>El jard\u00edn de los tilos<\/em>, de Jos\u00e9 Luis Olaizola.<\/p>\n<p>Goya Producciones es la encargada de la distribuci\u00f3n a nivel nacional e internacional. En Espa\u00f1a se podr\u00e1 adquirir en DVD a trav\u00e9s de la web\u00a0<a href=\"http:\/\/www.encristiano.com\/?utm_source=Listado+Prensa+Goya+Producciones&amp;utm_campaign=1596943503-EMAIL_CAMPAIGN_2016_11_14&amp;utm_medium=email&amp;utm_term=0_eade173c4d-1596943503-&amp;mc_cid=1596943503&amp;mc_eid=[UNIQID]\" target=\"_blank\" rel=\"noopener\">www.encristiano.com<\/a>\u00a0y en librer\u00edas especializadas y grandes superficies.<\/p>\n<p><a href=\"https:\/\/youtu.be\/LpxOcMRaAu0\" target=\"_blank\" rel=\"noopener\"><img fetchpriority=\"high\" decoding=\"async\" class=\"alignnone size-full wp-image-17557\" src=\"https:\/\/www.goyaproducciones.com\/wp-content\/uploads\/2025\/06\/a55866f7-65df-4919-a7ac-9a2b02d4cac2.jpg\" alt=\"a55866f7-65df-4919-a7ac-9a2b02d4cac2\" width=\"600\" height=\"314\" \/><\/a>[\/vc_column_text][\/vc_column][vc_column width=&#8221;1\/3&#8243;][vc_row_inner row_type=&#8221;row&#8221; type=&#8221;full_width&#8221; text_align=&#8221;left&#8221; css_animation=&#8221;&#8221; css=&#8221;.vc_custom_1466075382976{padding-left: 15px !important;}&#8221;][vc_column_inner width=&#8221;1\/2&#8243;][vc_facebook type=&#8221;button_count&#8221;][\/vc_column_inner][vc_column_inner width=&#8221;1\/2&#8243;][vc_tweetmeme share_via=&#8221;goyaproductions&#8221; share_recommend=&#8221;goyaproductions&#8221;][\/vc_column_inner][\/vc_row_inner][vc_empty_space height=&#8221;20px&#8221;]<blockquote class=' with_quote_icon' style=''><i class='fa fa-quote-right' style='color: #e95b10;'><\/i><h5 class='blockquote-text' style='color: #000000;'>Producido por la Fundaci\u00f3n Beata Rafaela Ybarra gracias a las aportaciones y donativos<\/h5><\/blockquote>[vc_empty_space height=&#8221;20px&#8221;]<blockquote class=' with_quote_icon' style=''><i class='fa fa-quote-right' style='color: #e95b10;'><\/i><h5 class='blockquote-text' style='color: #000000;'>Goya Producciones es la encargada de la distribuci\u00f3n a nivel nacional e internacional<\/h5><\/blockquote>[vc_empty_space height=&#8221;20px&#8221;][\/vc_column][\/vc_row]<\/p>\n<\/div>","protected":false},"excerpt":{"rendered":"<p>Goya Producciones distribuye el documental &#8220;Rafaela Ybarra, una historia de amor y entrega en el Bilbao Industrial&#8221;, que muestra la figura de una de las mujeres m\u00e1s ilustres de Bilbao, cuyo proceso de canonizaci\u00f3n se halla muy avanzado.<\/p>\n","protected":false},"author":6,"featured_media":24205,"comment_status":"open","ping_status":"open","sticky":false,"template":"","format":"standard","meta":{"footnotes":""},"categories":[60],"tags":[],"class_list":["post-17552","post","type-post","status-publish","format-standard","has-post-thumbnail","hentry","category-noticias"],"_links":{"self":[{"href":"https:\/\/www.goyaproducciones.com\/en\/wp-json\/wp\/v2\/posts\/17552","targetHints":{"allow":["GET"]}}],"collection":[{"href":"https:\/\/www.goyaproducciones.com\/en\/wp-json\/wp\/v2\/posts"}],"about":[{"href":"https:\/\/www.goyaproducciones.com\/en\/wp-json\/wp\/v2\/types\/post"}],"author":[{"embeddable":true,"href":"https:\/\/www.goyaproducciones.com\/en\/wp-json\/wp\/v2\/users\/6"}],"replies":[{"embeddable":true,"href":"https:\/\/www.goyaproducciones.com\/en\/wp-json\/wp\/v2\/comments?post=17552"}],"version-history":[{"count":6,"href":"https:\/\/www.goyaproducciones.com\/en\/wp-json\/wp\/v2\/posts\/17552\/revisions"}],"predecessor-version":[{"id":24204,"href":"https:\/\/www.goyaproducciones.com\/en\/wp-json\/wp\/v2\/posts\/17552\/revisions\/24204"}],"wp:featuredmedia":[{"embeddable":true,"href":"https:\/\/www.goyaproducciones.com\/en\/wp-json\/wp\/v2\/media\/24205"}],"wp:attachment":[{"href":"https:\/\/www.goyaproducciones.com\/en\/wp-json\/wp\/v2\/media?parent=17552"}],"wp:term":[{"taxonomy":"category","embeddable":true,"href":"https:\/\/www.goyaproducciones.com\/en\/wp-json\/wp\/v2\/categories?post=17552"},{"taxonomy":"post_tag","embeddable":true,"href":"https:\/\/www.goyaproducciones.com\/en\/wp-json\/wp\/v2\/tags?post=17552"}],"curies":[{"name":"wp","href":"https:\/\/api.w.org\/{rel}","templated":true}]}}