{"id":17542,"date":"2016-10-28T11:47:55","date_gmt":"2016-10-28T09:47:55","guid":{"rendered":"https:\/\/www.goyaproducciones.com\/?p=17542"},"modified":"2025-06-10T14:58:12","modified_gmt":"2025-06-10T12:58:12","slug":"papa-ya-luz-soledad","status":"publish","type":"post","link":"https:\/\/www.goyaproducciones.com\/en\/papa-ya-luz-soledad\/","title":{"rendered":"El Papa ya tiene &#8220;Luz de Soledad&#8221;"},"content":{"rendered":"<div class=\"wpb-content-wrapper\"><p>[vc_row row_type=&#8221;row&#8221; use_row_as_full_screen_section=&#8221;no&#8221; type=&#8221;full_width&#8221; angled_section=&#8221;no&#8221; text_align=&#8221;left&#8221; background_image_as_pattern=&#8221;without_pattern&#8221; css_animation=&#8221;&#8221;][vc_column width=&#8221;2\/3&#8243;][vc_column_text]Durante la tradicional audiencia de los mi\u00e9rcoles, el\u00a0<strong>Papa Francisco<\/strong>\u00a0recibi\u00f3 una copia de la pel\u00edcula\u00a0<strong>\u201cLuz de Soledad\u201d<\/strong>, de manos de Josemar\u00eda Mu\u00f1oz y Pablo Moreno, productor y director respectivamente, as\u00ed como de Alfonsa Bellido, Madre Superiora de las Siervas de Mar\u00eda, y la actriz protagonista Laura Contreras.<\/p>\n<p>El Santo Padre bendijo a los asistentes, agradeci\u00f3 el regalo y elogi\u00f3 los videos que Goya Producciones ha hecho sobre la preparaci\u00f3n al Matrimonio y el Amor Conyugal y la Paternidad Responsable, en sinton\u00eda con la enc\u00edclica\u00a0<em>Amoris laetitia<\/em>.<\/p>\n<p>La pel\u00edcula \u201cLuz de Soledad\u201d, que relata los inicios de las Siervas de Mar\u00eda, se present\u00f3 el\u00a0jueves 27 de octubre, en la Filmoteca Vaticana ante una selecta audiencia compuesta por personalidades de la Curia Romana, superiores y directivos de diversas realidades eclesiales.<\/p>\n<p>\u201cLuz de Soledad\u201d en su primer fin de semana de exhibici\u00f3n ha logrado entrar en la lista de las 20 pel\u00edculas m\u00e1s vistas de Espa\u00f1a y contin\u00faa en cines de Alcal\u00e1 de Henares, Alicante, \u00c1vila, Badajoz, Bilbao, C\u00e1diz, Ciudad Real, Ciudad Rodrigo, C\u00f3rdoba, Ferrol, Granada, Las Rozas, Madrid, Palencia, Pamplona, Pinto, Punta Umbr\u00eda, Salamanca, Santander, Santiago de Compostela, Segovia, Sevilla, Tenerife y Valencia.<\/p>\n<p>Para m\u00e1s informaci\u00f3n pueden visitar:\u00a0<a href=\"http:\/\/www.luzdesoledad.com\" target=\"_blank\" rel=\"noopener\">www.luzdesoledad.com<\/a>[\/vc_column_text][\/vc_column][vc_column width=&#8221;1\/3&#8243;][vc_row_inner row_type=&#8221;row&#8221; type=&#8221;full_width&#8221; text_align=&#8221;left&#8221; css_animation=&#8221;&#8221; css=&#8221;.vc_custom_1466075382976{padding-left: 15px !important;}&#8221;][vc_column_inner width=&#8221;1\/2&#8243;][vc_facebook type=&#8221;button_count&#8221;][\/vc_column_inner][vc_column_inner width=&#8221;1\/2&#8243;][vc_tweetmeme share_via=&#8221;goyaproductions&#8221; share_recommend=&#8221;goyaproductions&#8221;][\/vc_column_inner][\/vc_row_inner][vc_empty_space height=&#8221;20px&#8221;]<blockquote class=' with_quote_icon' style=''><i class='fa fa-quote-right' style='color: #e95b10;'><\/i><h5 class='blockquote-text' style='color: #000000;'>El Santo Padre elogio los videos de Goya Producciones<\/h5><\/blockquote>[vc_empty_space height=&#8221;20px&#8221;]<blockquote class=' with_quote_icon' style=''><i class='fa fa-quote-right' style='color: #e95b10;'><\/i><h5 class='blockquote-text' style='color: #000000;'>``Luz de Soledad`` se present\u00f3 en la Filmoteca Vaticana<\/h5><\/blockquote>[vc_empty_space height=&#8221;20px&#8221;][\/vc_column][\/vc_row]<\/p>\n<\/div>","protected":false},"excerpt":{"rendered":"<p>Durante la tradicional audiencia de los mi\u00e9rcoles, el Papa Francisco recibi\u00f3 una copia de la pel\u00edcula \u201cLuz de Soledad\u201d, de manos de Josemar\u00eda Mu\u00f1oz y Pablo Moreno, productor y director respectivamente<\/p>\n","protected":false},"author":6,"featured_media":24201,"comment_status":"open","ping_status":"open","sticky":false,"template":"","format":"standard","meta":{"footnotes":""},"categories":[60],"tags":[],"class_list":["post-17542","post","type-post","status-publish","format-standard","has-post-thumbnail","hentry","category-noticias"],"_links":{"self":[{"href":"https:\/\/www.goyaproducciones.com\/en\/wp-json\/wp\/v2\/posts\/17542","targetHints":{"allow":["GET"]}}],"collection":[{"href":"https:\/\/www.goyaproducciones.com\/en\/wp-json\/wp\/v2\/posts"}],"about":[{"href":"https:\/\/www.goyaproducciones.com\/en\/wp-json\/wp\/v2\/types\/post"}],"author":[{"embeddable":true,"href":"https:\/\/www.goyaproducciones.com\/en\/wp-json\/wp\/v2\/users\/6"}],"replies":[{"embeddable":true,"href":"https:\/\/www.goyaproducciones.com\/en\/wp-json\/wp\/v2\/comments?post=17542"}],"version-history":[{"count":2,"href":"https:\/\/www.goyaproducciones.com\/en\/wp-json\/wp\/v2\/posts\/17542\/revisions"}],"predecessor-version":[{"id":20496,"href":"https:\/\/www.goyaproducciones.com\/en\/wp-json\/wp\/v2\/posts\/17542\/revisions\/20496"}],"wp:featuredmedia":[{"embeddable":true,"href":"https:\/\/www.goyaproducciones.com\/en\/wp-json\/wp\/v2\/media\/24201"}],"wp:attachment":[{"href":"https:\/\/www.goyaproducciones.com\/en\/wp-json\/wp\/v2\/media?parent=17542"}],"wp:term":[{"taxonomy":"category","embeddable":true,"href":"https:\/\/www.goyaproducciones.com\/en\/wp-json\/wp\/v2\/categories?post=17542"},{"taxonomy":"post_tag","embeddable":true,"href":"https:\/\/www.goyaproducciones.com\/en\/wp-json\/wp\/v2\/tags?post=17542"}],"curies":[{"name":"wp","href":"https:\/\/api.w.org\/{rel}","templated":true}]}}