{"id":17535,"date":"2016-10-24T09:57:56","date_gmt":"2016-10-24T07:57:56","guid":{"rendered":"https:\/\/www.goyaproducciones.com\/?p=17535"},"modified":"2025-06-10T14:58:11","modified_gmt":"2025-06-10T12:58:11","slug":"premiere-luz-soledad","status":"publish","type":"post","link":"https:\/\/www.goyaproducciones.com\/en\/premiere-luz-soledad\/","title":{"rendered":"Premiere de Luz de Soledad"},"content":{"rendered":"<div class=\"wpb-content-wrapper\"><p>[vc_row row_type=&#8221;row&#8221; use_row_as_full_screen_section=&#8221;no&#8221; type=&#8221;full_width&#8221; angled_section=&#8221;no&#8221; text_align=&#8221;left&#8221; background_image_as_pattern=&#8221;without_pattern&#8221; css_animation=&#8221;&#8221;][vc_column width=&#8221;2\/3&#8243;][vc_column_text]Ayer en el madrile\u00f1o Cine Palafox, se celebr\u00f3 la premiere de \u201cLuz de Soledad\u201d de la mano de Goya Producciones para ser una noche inolvidable y cargada de emociones. Entre los asistentes, destacaron Pablo Moreno, director de la pel\u00edcula, y los protagonistas: Laura Contreras, Elena Furiase, Lolita Flores y Carlos Ca\u00f1as.<\/p>\n<p>Por otro lado, pudimos ver a la Madre Superior Alfonsa Bellido, de las Siervas de Mar\u00eda recibiendo a todos los invitados, como el Cardenal Em\u00e9rito, D. Antonio Mar\u00eda Rouco Varela y el Obispo D. Juan Antonio Mart\u00ednez Camino de Madrid, los cuales expresaron numerosas opiniones positivas sobre la pel\u00edcula.<\/p>\n<p>M\u00e1s de medio millar de personas llenaron la sala y expectantes, antes de la proyecci\u00f3n escucharon las palabras de Andr\u00e9s Garrig\u00f3 (Director de Goya Producciones y Productor de LUZ DE SOLEDAD), Pablo Moreno, Laura Contreras y Elena Furiase. Al acabar la pel\u00edcula, el p\u00fablico estall\u00f3 en aplausos prolongados durante varios minutos mientras la m\u00fasica final y los cr\u00e9ditos terminaban de conmover a todos los presentes a los que se les pod\u00eda ver muy emocionados.Para m\u00e1s informaci\u00f3n pueden visitar: www.luzdesoledad.com[\/vc_column_text][\/vc_column][vc_column width=&#8221;1\/3&#8243;][vc_row_inner row_type=&#8221;row&#8221; type=&#8221;full_width&#8221; text_align=&#8221;left&#8221; css_animation=&#8221;&#8221; css=&#8221;.vc_custom_1466075382976{padding-left: 15px !important;}&#8221;][vc_column_inner width=&#8221;1\/2&#8243;][vc_facebook type=&#8221;button_count&#8221;][\/vc_column_inner][vc_column_inner width=&#8221;1\/2&#8243;][vc_tweetmeme share_via=&#8221;goyaproductions&#8221; share_recommend=&#8221;goyaproductions&#8221;][\/vc_column_inner][\/vc_row_inner][vc_empty_space height=&#8221;20px&#8221;]<blockquote class=' with_quote_icon' style=''><i class='fa fa-quote-right' style='color: #e95b10;'><\/i><h5 class='blockquote-text' style='color: #000000;'>Lolita Flores asisti\u00f3 a la premiere de Luz de Soledad<\/h5><\/blockquote>[vc_empty_space height=&#8221;20px&#8221;]<blockquote class=' with_quote_icon' style=''><i class='fa fa-quote-right' style='color: #e95b10;'><\/i><h5 class='blockquote-text' style='color: #000000;'>M\u00e1s de medio millar de personas disfrutaron de la pel\u00edcula<\/h5><\/blockquote>[vc_empty_space height=&#8221;20px&#8221;][\/vc_column][\/vc_row]<\/p>\n<\/div>","protected":false},"excerpt":{"rendered":"<p>Ayer en el madrile\u00f1o Cine Palafox, se celebr\u00f3 la premiere de \u201cLuz de Soledad\u201d de la mano de Goya Producciones para ser una noche inolvidable y cargada de emociones.<\/p>\n","protected":false},"author":6,"featured_media":24199,"comment_status":"open","ping_status":"open","sticky":false,"template":"","format":"standard","meta":{"footnotes":""},"categories":[60],"tags":[],"class_list":["post-17535","post","type-post","status-publish","format-standard","has-post-thumbnail","hentry","category-noticias"],"_links":{"self":[{"href":"https:\/\/www.goyaproducciones.com\/en\/wp-json\/wp\/v2\/posts\/17535","targetHints":{"allow":["GET"]}}],"collection":[{"href":"https:\/\/www.goyaproducciones.com\/en\/wp-json\/wp\/v2\/posts"}],"about":[{"href":"https:\/\/www.goyaproducciones.com\/en\/wp-json\/wp\/v2\/types\/post"}],"author":[{"embeddable":true,"href":"https:\/\/www.goyaproducciones.com\/en\/wp-json\/wp\/v2\/users\/6"}],"replies":[{"embeddable":true,"href":"https:\/\/www.goyaproducciones.com\/en\/wp-json\/wp\/v2\/comments?post=17535"}],"version-history":[{"count":4,"href":"https:\/\/www.goyaproducciones.com\/en\/wp-json\/wp\/v2\/posts\/17535\/revisions"}],"predecessor-version":[{"id":17541,"href":"https:\/\/www.goyaproducciones.com\/en\/wp-json\/wp\/v2\/posts\/17535\/revisions\/17541"}],"wp:featuredmedia":[{"embeddable":true,"href":"https:\/\/www.goyaproducciones.com\/en\/wp-json\/wp\/v2\/media\/24199"}],"wp:attachment":[{"href":"https:\/\/www.goyaproducciones.com\/en\/wp-json\/wp\/v2\/media?parent=17535"}],"wp:term":[{"taxonomy":"category","embeddable":true,"href":"https:\/\/www.goyaproducciones.com\/en\/wp-json\/wp\/v2\/categories?post=17535"},{"taxonomy":"post_tag","embeddable":true,"href":"https:\/\/www.goyaproducciones.com\/en\/wp-json\/wp\/v2\/tags?post=17535"}],"curies":[{"name":"wp","href":"https:\/\/api.w.org\/{rel}","templated":true}]}}