{"id":17524,"date":"2016-09-13T09:19:36","date_gmt":"2016-09-13T07:19:36","guid":{"rendered":"https:\/\/www.goyaproducciones.com\/?p=17524"},"modified":"2025-06-10T14:58:09","modified_gmt":"2025-06-10T12:58:09","slug":"poveda-recibe-nuevos-premios-prepara-estreno-varios-paises","status":"publish","type":"post","link":"https:\/\/www.goyaproducciones.com\/en\/poveda-recibe-nuevos-premios-prepara-estreno-varios-paises\/","title":{"rendered":"POVEDA recibe nuevos premios y prepara su estreno en varios pa\u00edses"},"content":{"rendered":"<div class=\"wpb-content-wrapper\"><p>[vc_row row_type=&#8221;row&#8221; use_row_as_full_screen_section=&#8221;no&#8221; type=&#8221;full_width&#8221; angled_section=&#8221;no&#8221; text_align=&#8221;left&#8221; background_image_as_pattern=&#8221;without_pattern&#8221; css_animation=&#8221;&#8221;][vc_column width=&#8221;2\/3&#8243;][vc_column_text]<\/p>\n<h3 style=\"text-align: center;\"><i class=\"\">Ecuador, Uruguay, Brasil y Filipinas, entre otros, se preparan para\u00a0recibir la pel\u00edcula.<\/i><\/h3>\n<p>&nbsp;<\/p>\n<div class=\"\">Madrid, 13 de septiembre. Tras el \u00e9xito en Chile, la pel\u00edcula POVEDA\u00a0podr\u00e1 verse en Ecuador a partir del pr\u00f3ximo 30 de septiembre en las salas de\u00a0cine de Cinemark en Guayaquil y Quito (Ecuador). Tambi\u00e9n\u00a0se ha confirmado el estreno en\u00a0cines de POVEDA en Filipinas en el mes de diciembre gracias a la colaboraci\u00f3n\u00a0de la Instituci\u00f3n Teresiana, muy presente en aquel pa\u00eds.<br class=\"\" \/><br class=\"\" \/>Adem\u00e1s, POVEDA sigue recibiendo premios y proyect\u00e1ndose en\u00a0festivales de todo el mundo como por ejemplo el Arte Non Stop\u00a0Film Festival de Buenos Aires (Argentina) en septiembre, el Festival de Cine de\u00a0Montevideo (Uruguay) en\u00a0octubre, o el Festival de Cine Cat\u00f3lico de Santo Domingo (Rep\u00fablica Dominicana).<\/div>\n<div class=\"\"><\/div>\n<div class=\"\">La Versi\u00f3n Original de la pel\u00edcula es en Castellano y actualmente cuenta con subt\u00edtulos en ingl\u00e9s, franc\u00e9s, italiano, alem\u00e1n y portugu\u00e9s (Brasil y Portugal).<\/div>\n<div class=\"\"><br class=\"\" \/>El \u00faltimo premio recibido llega desde Indonesia, del \u201cInternational Film Festival\u00a0for Peace, Inspiration,\u00a0and Equality\u201d, celebrado en Yakarta. All\u00ed la\u00a0pel\u00edcula POVEDA ha ganado el \u201cInternational\u00a0Award\u00a0of Outstanding Excellence\u201d que se une al premio de mejor pel\u00edcula del\u00a0Mirabile Dictu 2016\u00a0y del Online\u00a0International Film Festival SE\u00a0(OIFF). Por otra parte, POVEDA ha quedado\u00a0semifinalista en el\u00a0American Film Award\u00a0y ha sido seleccionada para su proyecci\u00f3n en el BAF 2016, en el Festival\u00a0Internacional de Cine Cat\u00f3lico de Brasil y en el Festival de Cine Cat\u00f3lico de\u00a0Santo Domingo.<br class=\"\" \/><br class=\"\" \/>Tambi\u00e9n muy pronto, y ante la avalancha de peticiones, esperamos\u00a0poder estrenar POVEDA en Argentina, Bolivia, Guatemala, Per\u00fa y EE.UU. (Miami,\u00a0Florida). Si deseas ayudar en el estreno\u00a0en estos pa\u00edses puedes escribir a:\u00a0<a class=\"\" href=\"mailto:estrenos@goyaproducciones.es\">estrenos@goyaproducciones.es<\/a><br class=\"\" \/><br class=\"\" \/>Por si todav\u00eda no has visto el trailer, puedes hacerlo en:\u00a0<a class=\"\" href=\"http:\/\/www.povedalapelicula.com\/\" target=\"_blank\" rel=\"noopener\">http:\/\/www.povedalapelicula.com\/<\/a><\/div>\n<p>[\/vc_column_text][\/vc_column][vc_column width=&#8221;1\/3&#8243;][vc_row_inner row_type=&#8221;row&#8221; type=&#8221;full_width&#8221; text_align=&#8221;left&#8221; css_animation=&#8221;&#8221; css=&#8221;.vc_custom_1466075382976{padding-left: 15px !important;}&#8221;][vc_column_inner width=&#8221;1\/2&#8243;][vc_facebook type=&#8221;button_count&#8221;][\/vc_column_inner][vc_column_inner width=&#8221;1\/2&#8243;][vc_tweetmeme share_via=&#8221;goyaproductions&#8221; share_recommend=&#8221;goyaproductions&#8221;][\/vc_column_inner][\/vc_row_inner][vc_empty_space height=&#8221;20px&#8221;]<blockquote class=' with_quote_icon' style=''><i class='fa fa-quote-right' style='color: #e95b10;'><\/i><h5 class='blockquote-text' style='color: #000000;'>POVEDA podr\u00e1 verse en Ecuador a partir del pr\u00f3ximo 30 de septiembre en las salas de cine de Cinemark<\/h5><\/blockquote>[vc_empty_space height=&#8221;20px&#8221;]<blockquote class=' with_quote_icon' style=''><i class='fa fa-quote-right' style='color: #e95b10;'><\/i><h5 class='blockquote-text' style='color: #000000;'> POVEDA sigue recibiendo premios y proyect\u00e1ndose en festivales de todo el mundo<\/h5><\/blockquote>[vc_empty_space height=&#8221;20px&#8221;][\/vc_column][\/vc_row]<\/p>\n<\/div>","protected":false},"excerpt":{"rendered":"<p>Tras el \u00e9xito en Chile, la pel\u00edcula POVEDA podr\u00e1 verse en Ecuador a partir del pr\u00f3ximo 30 de septiembre en las salas de cine de Cinemark en Guayaquil y Quito (Ecuador).<\/p>\n","protected":false},"author":6,"featured_media":24198,"comment_status":"open","ping_status":"open","sticky":false,"template":"","format":"standard","meta":{"footnotes":""},"categories":[60],"tags":[],"class_list":["post-17524","post","type-post","status-publish","format-standard","has-post-thumbnail","hentry","category-noticias"],"_links":{"self":[{"href":"https:\/\/www.goyaproducciones.com\/en\/wp-json\/wp\/v2\/posts\/17524","targetHints":{"allow":["GET"]}}],"collection":[{"href":"https:\/\/www.goyaproducciones.com\/en\/wp-json\/wp\/v2\/posts"}],"about":[{"href":"https:\/\/www.goyaproducciones.com\/en\/wp-json\/wp\/v2\/types\/post"}],"author":[{"embeddable":true,"href":"https:\/\/www.goyaproducciones.com\/en\/wp-json\/wp\/v2\/users\/6"}],"replies":[{"embeddable":true,"href":"https:\/\/www.goyaproducciones.com\/en\/wp-json\/wp\/v2\/comments?post=17524"}],"version-history":[{"count":2,"href":"https:\/\/www.goyaproducciones.com\/en\/wp-json\/wp\/v2\/posts\/17524\/revisions"}],"predecessor-version":[{"id":17527,"href":"https:\/\/www.goyaproducciones.com\/en\/wp-json\/wp\/v2\/posts\/17524\/revisions\/17527"}],"wp:featuredmedia":[{"embeddable":true,"href":"https:\/\/www.goyaproducciones.com\/en\/wp-json\/wp\/v2\/media\/24198"}],"wp:attachment":[{"href":"https:\/\/www.goyaproducciones.com\/en\/wp-json\/wp\/v2\/media?parent=17524"}],"wp:term":[{"taxonomy":"category","embeddable":true,"href":"https:\/\/www.goyaproducciones.com\/en\/wp-json\/wp\/v2\/categories?post=17524"},{"taxonomy":"post_tag","embeddable":true,"href":"https:\/\/www.goyaproducciones.com\/en\/wp-json\/wp\/v2\/tags?post=17524"}],"curies":[{"name":"wp","href":"https:\/\/api.w.org\/{rel}","templated":true}]}}