{"id":17485,"date":"2016-06-24T07:47:08","date_gmt":"2016-06-24T05:47:08","guid":{"rendered":"https:\/\/www.goyaproducciones.com\/?p=17485"},"modified":"2025-06-10T14:58:03","modified_gmt":"2025-06-10T12:58:03","slug":"poveda-gana-premio-mejor-pelicula-festival-mirabel-dictu","status":"publish","type":"post","link":"https:\/\/www.goyaproducciones.com\/en\/poveda-gana-premio-mejor-pelicula-festival-mirabel-dictu\/","title":{"rendered":"Poveda gana el premio a mejor pel\u00edcula en el festival Mirabile Dictu"},"content":{"rendered":"<div class=\"wpb-content-wrapper\"><p>[vc_row row_type=&#8221;row&#8221; use_row_as_full_screen_section=&#8221;no&#8221; type=&#8221;full_width&#8221; angled_section=&#8221;no&#8221; text_align=&#8221;left&#8221; background_image_as_pattern=&#8221;without_pattern&#8221; css_animation=&#8221;&#8221;][vc_column width=&#8221;2\/3&#8243;][vc_column_text]El\u00a0<em>jurado del Festival Internacional de Cine Cat\u00f3lico Mirabile Dictu<\/em>\u00a0ha premiado como\u00a0<strong>mejor pel\u00edcula<\/strong>\u00a0a la cinta espa\u00f1ola\u00a0<strong>&#8220;Poveda&#8221;<\/strong>de Goya Producciones, entre las m\u00e1s de 1.200 participantes en esta 7\u00aa edici\u00f3n.<\/p>\n<p>En la gala de entrega de premios, celebrada en el<em>\u00a0P<\/em><span class=\"st\"><em>alazzo<\/em>\u00a0della\u00a0<em>Cancelleria\u00a0<\/em>en Roma, estaban presentes diversas personalidades del mundo cine, de la sociedad, as\u00ed como eclesi\u00e1sticos de la curia vaticana como el\u00a0<strong>cardenal Gianfranco Ravasi,<\/strong>\u00a0presidente del Pontificio Consejo de la Cultura, que patrocina el festival, el\u00a0<strong>cardenal Velasio de Paolis<\/strong>, y el\u00a0<strong>cardenal espa\u00f1ol Santos Abril<\/strong>.\u00a0<\/span><\/p>\n<p>El premio fue recogido por el productor y consejero delegado de Goya Producciones\u00a0<strong>Andr\u00e9s Garrig\u00f3\u00a0<\/strong>quien agradeci\u00f3 a los organizadores su labor a favor de la promoci\u00f3n de los valores cristianos en el cine, especialmente los grandes ideales de la Belleza, el Bien y la Verdad, as\u00ed como la Fe. A la gala tambi\u00e9n asistieron<strong>\u00a0Pablo Moreno<\/strong>, director del film,\u00a0<strong>Josemar\u00eda Mu\u00f1oz<\/strong>, productor ejecutivo,\u00a0<strong>Mar\u00eda Esparcia<\/strong>, editora del film, as\u00ed como\u00a0<strong>Laura Moreno<\/strong>y\u00a0<strong>Lola Mart\u00edn<\/strong>\u00a0en representaci\u00f3n de la Instituci\u00f3n Teresiana, fundada por Pedro Poveda.<\/p>\n<p>La presidenta del festival, la Se\u00f1ora\u00a0<strong>Liana Marabini<\/strong>, felicit\u00f3 a los galardonados por su film y destac\u00f3 la actualidad de la figura de San Pedro Poveda, quien dio su vida a causa de su defensa de la libertad de los cat\u00f3licos para vivir su fe en todos los \u00e1mbitos de la sociedad, especialmente en la vida p\u00fablica.<\/p>\n<p>&#8220;Poveda&#8221; est\u00e1 inspirada en la vida de San Pedro Poveda, humanista y pedagogo espa\u00f1ol, fundador de la Instituci\u00f3n Teresiana, que muri\u00f3 m\u00e1rtir en 1936 en Madrid. En cines desde el 4 de marzo, fue el segundo mejor estreno espa\u00f1ol en su primer fin de semana y actualmente se sigue proyectando en diversas ciudades de Espa\u00f1a.<\/p>\n<p>El Ministerio de Cultura concedi\u00f3 a &#8220;Poveda&#8221; el calificativo de pel\u00edcula para el fomento y la Igualdad de G\u00e9nero, debido a la labor pionera de Pedro Poveda a favor de la promoci\u00f3n y derechos de la mujer a principios del siglo XX. Tambi\u00e9n se distingui\u00f3 por ayudar y educar a los m\u00e1s desfavorecidos, algo que la pel\u00edcula muestra en emotivas escenas rodadas en las cuevas de Guadix. Sus \u00faltimos a\u00f1os en Madrid fueron los de la defensa de la libertad de ense\u00f1anza de los cat\u00f3licos frente al predominio del laicismo intransigente.<\/p>\n<p>Apoyada por el boca a boca entre los espectadores, &#8220;Poveda&#8221; ha tenido un gran impacto en prensa y en redes sociales, llegando a ser Trending Topic a nivel nacional. En las \u00faltimas semanas &#8220;Poveda&#8221; ha empezado a estrenarse en salas de cine de Am\u00e9rica Latina, empezando por Chile, para seguir despu\u00e9s a Ecuador, Per\u00fa, Guatemala y otros pa\u00edses.<\/p>\n<p>Para m\u00e1s informaci\u00f3n pueden visitar:\u00a0<a href=\"http:\/\/encristiano.us10.list-manage.com\/track\/click?u=0c3968e9fb76103e5a1205940&amp;id=9446f64e1a&amp;e=56e2adf29b\" target=\"_blank\" rel=\"noopener\">www.povedalapelicula.com<\/a>[\/vc_column_text][\/vc_column][vc_column width=&#8221;1\/3&#8243;][vc_row_inner row_type=&#8221;row&#8221; type=&#8221;full_width&#8221; text_align=&#8221;left&#8221; css_animation=&#8221;&#8221;][vc_column_inner width=&#8221;1\/2&#8243;][vc_facebook type=&#8221;button_count&#8221;][\/vc_column_inner][vc_column_inner width=&#8221;1\/2&#8243;][vc_tweetmeme share_via=&#8221;GoyaProductions&#8221; share_recommend=&#8221;GoyaProductions&#8221;][\/vc_column_inner][\/vc_row_inner][vc_empty_space height=&#8221;20px&#8221;]<blockquote class=' with_quote_icon' style=''><i class='fa fa-quote-right' style=''><\/i><h5 class='blockquote-text' style='color: #000000;'>\u201cPoveda\u201dde Goya Producciones, mejor pel\u00edcula entre las m\u00e1s de 1.200 participantes en esta 7\u00aa edici\u00f3n.<\/h5><\/blockquote>[vc_empty_space height=&#8221;20px&#8221;]<blockquote class=' with_quote_icon' style=''><i class='fa fa-quote-right' style=''><\/i><h5 class='blockquote-text' style='color: #000000;'>El premio fue recogido por el productor y consejero delegado de Goya Producciones Andr\u00e9s Garrig\u00f3<\/h5><\/blockquote>[vc_empty_space height=&#8221;20px&#8221;][\/vc_column][\/vc_row]<\/p>\n<\/div>","protected":false},"excerpt":{"rendered":"<p>El jurado del Festival Internacional de Cine Cat\u00f3lico Mirabile Dictu ha premiado como mejor pel\u00edcula a la cinta espa\u00f1ola &#8220;Poveda&#8221;de Goya Producciones, entre las m\u00e1s de 1.200 participantes en esta 7\u00aa edici\u00f3n.<\/p>\n","protected":false},"author":6,"featured_media":24191,"comment_status":"open","ping_status":"open","sticky":false,"template":"","format":"standard","meta":{"footnotes":""},"categories":[60],"tags":[],"class_list":["post-17485","post","type-post","status-publish","format-standard","has-post-thumbnail","hentry","category-noticias"],"_links":{"self":[{"href":"https:\/\/www.goyaproducciones.com\/en\/wp-json\/wp\/v2\/posts\/17485","targetHints":{"allow":["GET"]}}],"collection":[{"href":"https:\/\/www.goyaproducciones.com\/en\/wp-json\/wp\/v2\/posts"}],"about":[{"href":"https:\/\/www.goyaproducciones.com\/en\/wp-json\/wp\/v2\/types\/post"}],"author":[{"embeddable":true,"href":"https:\/\/www.goyaproducciones.com\/en\/wp-json\/wp\/v2\/users\/6"}],"replies":[{"embeddable":true,"href":"https:\/\/www.goyaproducciones.com\/en\/wp-json\/wp\/v2\/comments?post=17485"}],"version-history":[{"count":9,"href":"https:\/\/www.goyaproducciones.com\/en\/wp-json\/wp\/v2\/posts\/17485\/revisions"}],"predecessor-version":[{"id":20498,"href":"https:\/\/www.goyaproducciones.com\/en\/wp-json\/wp\/v2\/posts\/17485\/revisions\/20498"}],"wp:featuredmedia":[{"embeddable":true,"href":"https:\/\/www.goyaproducciones.com\/en\/wp-json\/wp\/v2\/media\/24191"}],"wp:attachment":[{"href":"https:\/\/www.goyaproducciones.com\/en\/wp-json\/wp\/v2\/media?parent=17485"}],"wp:term":[{"taxonomy":"category","embeddable":true,"href":"https:\/\/www.goyaproducciones.com\/en\/wp-json\/wp\/v2\/categories?post=17485"},{"taxonomy":"post_tag","embeddable":true,"href":"https:\/\/www.goyaproducciones.com\/en\/wp-json\/wp\/v2\/tags?post=17485"}],"curies":[{"name":"wp","href":"https:\/\/api.w.org\/{rel}","templated":true}]}}