{"id":17374,"date":"2016-03-04T12:06:02","date_gmt":"2016-03-04T11:06:02","guid":{"rendered":"https:\/\/www.goyaproducciones.com\/?p=17374"},"modified":"2025-06-10T14:57:52","modified_gmt":"2025-06-10T12:57:52","slug":"17374","status":"publish","type":"post","link":"https:\/\/www.goyaproducciones.com\/en\/17374\/","title":{"rendered":"Triunfo rotundo en Ja\u00e9n y Linares"},"content":{"rendered":"<p>El jueves se present\u00f3 POVEDA en Ja\u00e9n y en Linares, en el Colegio Padre Poveda y en los Cines Bowling respectivamente. En ambos eventos se cont\u00f3 con la presencia de actores, director y productor de la pel\u00edcula que atendieron a medios de comunicaci\u00f3n y al m\u00e1s de centenar de personas que se agolpaban alrededor de ellos en ambas ciudades. El Tour va llegando a su fin y hoy recala en Guadix, localizaci\u00f3n donde se grab\u00f3 una buena parte de POVEDA.<\/p>\n<p>M\u00e1s informaci\u00f3n en: <a href=\"http:\/\/www.povedalapelicula.com\/poveda-arrasa-en-jaen-y-linares\/\" target=\"_blank\" rel=\"noopener\">www.povedalapelicula.com<\/a><\/p>\n","protected":false},"excerpt":{"rendered":"<p>El jueves se present\u00f3 POVEDA en Ja\u00e9n y en Linares, en el Colegio Padre Poveda y en los Cines Bowling respectivamente. En ambos eventos se cont\u00f3 con la presencia de actores, director y productor de la pel\u00edcula que atendieron a medios de comunicaci\u00f3n y al&#8230;<\/p>\n","protected":false},"author":6,"featured_media":24181,"comment_status":"open","ping_status":"open","sticky":false,"template":"","format":"standard","meta":{"footnotes":""},"categories":[60],"tags":[],"class_list":["post-17374","post","type-post","status-publish","format-standard","has-post-thumbnail","hentry","category-noticias"],"_links":{"self":[{"href":"https:\/\/www.goyaproducciones.com\/en\/wp-json\/wp\/v2\/posts\/17374","targetHints":{"allow":["GET"]}}],"collection":[{"href":"https:\/\/www.goyaproducciones.com\/en\/wp-json\/wp\/v2\/posts"}],"about":[{"href":"https:\/\/www.goyaproducciones.com\/en\/wp-json\/wp\/v2\/types\/post"}],"author":[{"embeddable":true,"href":"https:\/\/www.goyaproducciones.com\/en\/wp-json\/wp\/v2\/users\/6"}],"replies":[{"embeddable":true,"href":"https:\/\/www.goyaproducciones.com\/en\/wp-json\/wp\/v2\/comments?post=17374"}],"version-history":[{"count":2,"href":"https:\/\/www.goyaproducciones.com\/en\/wp-json\/wp\/v2\/posts\/17374\/revisions"}],"predecessor-version":[{"id":17381,"href":"https:\/\/www.goyaproducciones.com\/en\/wp-json\/wp\/v2\/posts\/17374\/revisions\/17381"}],"wp:featuredmedia":[{"embeddable":true,"href":"https:\/\/www.goyaproducciones.com\/en\/wp-json\/wp\/v2\/media\/24181"}],"wp:attachment":[{"href":"https:\/\/www.goyaproducciones.com\/en\/wp-json\/wp\/v2\/media?parent=17374"}],"wp:term":[{"taxonomy":"category","embeddable":true,"href":"https:\/\/www.goyaproducciones.com\/en\/wp-json\/wp\/v2\/categories?post=17374"},{"taxonomy":"post_tag","embeddable":true,"href":"https:\/\/www.goyaproducciones.com\/en\/wp-json\/wp\/v2\/tags?post=17374"}],"curies":[{"name":"wp","href":"https:\/\/api.w.org\/{rel}","templated":true}]}}