{"id":16391,"date":"2010-04-05T11:11:39","date_gmt":"2010-04-05T09:11:39","guid":{"rendered":"https:\/\/www.goyaproducciones.com\/?p=16391"},"modified":"2025-06-10T14:57:25","modified_gmt":"2025-06-10T12:57:25","slug":"emisiones-semana-santa-2010","status":"publish","type":"post","link":"https:\/\/www.goyaproducciones.com\/en\/emisiones-semana-santa-2010\/","title":{"rendered":"Emisiones Semana Santa 2010"},"content":{"rendered":"<div class=\"wpb-content-wrapper\"><p>[vc_row][vc_column][vc_column_text]M\u00e1s que en a\u00f1os anteriores, los programas de Goya Producciones han estado presentes en las parrillas de numerosas televisiones en Espa\u00f1a y en el extranjero. Entre las cadenas espa\u00f1olas que m\u00e1s t\u00edtulos de Goya han emitido figuran Inereconom\u00eda TV y Popular Televisi\u00f3n.<\/p>\n<p>Este a\u00f1o, adem\u00e1s de documentales ya \u201ccl\u00e1sicos\u201d como \u201cEl Santo Grial\u201d y el \u201cSudario de Cristo\u201d, se han emitido diversos episodios de la nueva serie hist\u00f3rica \u201cLos Primeros Cristianos\u201d, que describe la aventura de los primeros siglos del cristianismo.<\/p>\n<p>[\/vc_column_text][\/vc_column][\/vc_row]<\/p>\n<\/div>","protected":false},"excerpt":{"rendered":"<p>M\u00e1s que en a\u00f1os anteriores, los programas de Goya Producciones han estado presentes en las parrillas de numerosas televisiones en Espa\u00f1a y en el extranjero&#8230;<\/p>\n","protected":false},"author":15,"featured_media":0,"comment_status":"open","ping_status":"open","sticky":false,"template":"","format":"standard","meta":{"footnotes":""},"categories":[60],"tags":[],"class_list":["post-16391","post","type-post","status-publish","format-standard","hentry","category-noticias"],"_links":{"self":[{"href":"https:\/\/www.goyaproducciones.com\/en\/wp-json\/wp\/v2\/posts\/16391","targetHints":{"allow":["GET"]}}],"collection":[{"href":"https:\/\/www.goyaproducciones.com\/en\/wp-json\/wp\/v2\/posts"}],"about":[{"href":"https:\/\/www.goyaproducciones.com\/en\/wp-json\/wp\/v2\/types\/post"}],"author":[{"embeddable":true,"href":"https:\/\/www.goyaproducciones.com\/en\/wp-json\/wp\/v2\/users\/15"}],"replies":[{"embeddable":true,"href":"https:\/\/www.goyaproducciones.com\/en\/wp-json\/wp\/v2\/comments?post=16391"}],"version-history":[{"count":1,"href":"https:\/\/www.goyaproducciones.com\/en\/wp-json\/wp\/v2\/posts\/16391\/revisions"}],"predecessor-version":[{"id":16392,"href":"https:\/\/www.goyaproducciones.com\/en\/wp-json\/wp\/v2\/posts\/16391\/revisions\/16392"}],"wp:attachment":[{"href":"https:\/\/www.goyaproducciones.com\/en\/wp-json\/wp\/v2\/media?parent=16391"}],"wp:term":[{"taxonomy":"category","embeddable":true,"href":"https:\/\/www.goyaproducciones.com\/en\/wp-json\/wp\/v2\/categories?post=16391"},{"taxonomy":"post_tag","embeddable":true,"href":"https:\/\/www.goyaproducciones.com\/en\/wp-json\/wp\/v2\/tags?post=16391"}],"curies":[{"name":"wp","href":"https:\/\/api.w.org\/{rel}","templated":true}]}}