{"id":16343,"date":"2011-06-01T10:21:34","date_gmt":"2011-06-01T08:21:34","guid":{"rendered":"https:\/\/www.goyaproducciones.com\/?p=16343"},"modified":"2025-06-10T14:57:05","modified_gmt":"2025-06-10T12:57:05","slug":"beatificacion-palafox","status":"publish","type":"post","link":"https:\/\/www.goyaproducciones.com\/en\/beatificacion-palafox\/","title":{"rendered":"Beatificaci\u00f3n Palafox"},"content":{"rendered":"<div class=\"wpb-content-wrapper\"><p>[vc_row][vc_column width=&#8217;3\/4&#8242;]Tras 352, a\u00f1os de espera, el pr\u00f3ximo domingo 5 de junio, subir\u00e1 a los altares don Juan de Palafox y Mendoza, que fue Virrey de M\u00e9xico y Obispo de Puebla de los Angeles. Una vida espectacular, que recoge el documental de Goya Producciones: &#8220;El Virrey Palafox&#8221;.<\/p>\n<p>En 50 intensos minutos admiramos la increible carrera del hombre que escap\u00f3 a varios intentos de asesinato -el primero al nacer- y que lleg\u00f3 a ser personaje de la Corte de Felipe IV, gran humanista, poeta, jurista, promotor de las artes, constructor de iglesias, bibliotecas y catedrales, protector de los indios y gran evangelizador.<\/p>\n<p>Su beatificaci\u00f3n en Burgo de Osma, es el reconocimiento de su gigantesca labor y de su santidad intr\u00e9p\u00ecda.<\/p>\n<p>[\/vc_column][vc_column width=&#8217;1\/4&#8242;]<div class='portfolio_slider_holder clearfix'><div class='portfolio_slider'  ><ul class='portfolio_slides'><li class='item'><div class='image_holder'><span class='image'><span class='image_pixel_hover'><\/span><a itemprop='url' href='https:\/\/www.goyaproducciones.com\/en\/portfolio_page\/viceroy-palafox\/' target='_self'><img fetchpriority=\"high\" decoding=\"async\" width=\"279\" height=\"396\" src=\"https:\/\/www.goyaproducciones.com\/wp-content\/uploads\/2025\/06\/64-El-Virrey-Palafox2.jpg\" class=\"attachment-full size-full wp-post-image\" alt=\"\" srcset=\"https:\/\/www.goyaproducciones.com\/wp-content\/uploads\/2025\/06\/64-El-Virrey-Palafox2.jpg 279w, https:\/\/www.goyaproducciones.com\/wp-content\/uploads\/2025\/06\/64-El-Virrey-Palafox2-211x300.jpg 211w\" sizes=\"(max-width: 279px) 100vw, 279px\" \/><\/a><\/span><div class='hover_feature_holder'><div class=\"hover_feature_holder_outer\"><div class=\"hover_feature_holder_inner\"><h3 itemprop=\"name\" class=\"portfolio_title entry_title\"><a itemprop=\"url\" href=\"https:\/\/www.goyaproducciones.com\/en\/portfolio_page\/viceroy-palafox\/\" target=\"_self\">Viceroy Palafox<\/a><\/h3><span class=\"separator small\"><\/span><div class=\"project_category\">Production<\/div><a itemprop=\"url\" href=\"https:\/\/www.goyaproducciones.com\/en\/portfolio_page\/viceroy-palafox\/\" target=\"_self\" class=\"qbutton white small\">view<\/a><\/div><\/div><\/div><\/div><\/li><\/ul><\/div><\/div>[vc_separator type=&#8217;transparent&#8217; position=&#8217;center&#8217; color=&#8221; thickness=&#8221; up=&#8217;5&#8242; down=&#8217;5&#8242;]<a itemprop=\"url\" href=\"http:\/\/www.encristiano.com\/es\/documentales-dvd\/viceroy-palafox-64.html\" target=\"_blank\" data-hover-background-color=\"#bbe004\" data-hover-color=\"#000000\" class=\"qbutton  default\" style=\"color: #fff; border-color: #fff; margin: 10; background-color:#048504;\" rel=\"noopener\">COMPRAR DVD<\/a> [vc_separator type=&#8217;transparent&#8217; position=&#8217;center&#8217; color=&#8221; thickness=&#8221; up=&#8217;5&#8242; down=&#8217;5&#8242;]<\/p>\n<p>[\/vc_column][\/vc_row]<\/p>\n<\/div>","protected":false},"excerpt":{"rendered":"<p>Tras 352, a\u00f1os de espera, el pr\u00f3ximo domingo 5 de junio, subir\u00e1 a los altares don Juan de Palafox y Mendoza, que fue Virrey de M\u00e9xico y Obispo de Puebla de los Angeles&#8230;<\/p>\n","protected":false},"author":15,"featured_media":0,"comment_status":"open","ping_status":"open","sticky":false,"template":"","format":"standard","meta":{"footnotes":""},"categories":[60],"tags":[],"class_list":["post-16343","post","type-post","status-publish","format-standard","hentry","category-noticias"],"_links":{"self":[{"href":"https:\/\/www.goyaproducciones.com\/en\/wp-json\/wp\/v2\/posts\/16343","targetHints":{"allow":["GET"]}}],"collection":[{"href":"https:\/\/www.goyaproducciones.com\/en\/wp-json\/wp\/v2\/posts"}],"about":[{"href":"https:\/\/www.goyaproducciones.com\/en\/wp-json\/wp\/v2\/types\/post"}],"author":[{"embeddable":true,"href":"https:\/\/www.goyaproducciones.com\/en\/wp-json\/wp\/v2\/users\/15"}],"replies":[{"embeddable":true,"href":"https:\/\/www.goyaproducciones.com\/en\/wp-json\/wp\/v2\/comments?post=16343"}],"version-history":[{"count":2,"href":"https:\/\/www.goyaproducciones.com\/en\/wp-json\/wp\/v2\/posts\/16343\/revisions"}],"predecessor-version":[{"id":17106,"href":"https:\/\/www.goyaproducciones.com\/en\/wp-json\/wp\/v2\/posts\/16343\/revisions\/17106"}],"wp:attachment":[{"href":"https:\/\/www.goyaproducciones.com\/en\/wp-json\/wp\/v2\/media?parent=16343"}],"wp:term":[{"taxonomy":"category","embeddable":true,"href":"https:\/\/www.goyaproducciones.com\/en\/wp-json\/wp\/v2\/categories?post=16343"},{"taxonomy":"post_tag","embeddable":true,"href":"https:\/\/www.goyaproducciones.com\/en\/wp-json\/wp\/v2\/tags?post=16343"}],"curies":[{"name":"wp","href":"https:\/\/api.w.org\/{rel}","templated":true}]}}