{"id":16328,"date":"2011-09-16T09:53:35","date_gmt":"2011-09-16T07:53:35","guid":{"rendered":"https:\/\/www.goyaproducciones.com\/?p=16328"},"modified":"2025-06-10T14:57:02","modified_gmt":"2025-06-10T12:57:02","slug":"el-origen-del-hombre-en-italiano","status":"publish","type":"post","link":"https:\/\/www.goyaproducciones.com\/en\/el-origen-del-hombre-en-italiano\/","title":{"rendered":"&#8220;El Origen del Hombre&#8221; en italiano"},"content":{"rendered":"<div class=\"wpb-content-wrapper\"><p>[vc_row][vc_column width=&#8217;3\/4&#8242;]Bajo los auspicios del Pontificio Consejo para la Cultura, y como parte del Proyecto STOQ (Science, Theology and the Ontological Quest), acaba de ver la luz la versi\u00f3n triling\u00fce, italiana, espa\u00f1ola e inglesa del DVD \u201cEl Origen del Hombre\u201d.<\/p>\n<p>Se trata de una serie de nueve documentales en torno a la evoluci\u00f3n, la creaci\u00f3n y la fe, elaborados con el asesoramiento de profesores de la Pontificia Universidad de la Santa Cruz y de otras universidades. Recogen opiniones de m\u00e1s de treinta cient\u00edficos, entre ellos, los premios nobel Christian De Duve y Werner Arber. Algunos de ellos son creyentes, cat\u00f3licos, protestantes o jud\u00edos, y otros no.<\/p>\n<p>Estos documentales, realizados por Goya Producciones, investigan el desarrollo del Universo desde el &#8220;Big Bang&#8221; hasta los primates, los hom\u00ednidos, y el triunfo del &#8220;Homo Hapiens&#8221;. Responden a las preguntas \u00bfc\u00f3mo naci\u00f3 el universo? \u00bfsurgimos por azar?, \u00bfhubo una inteligencia que gui\u00f3 la evoluci\u00f3n?<\/p>\n<p>El premio nobel Christian de Duve afirma que la teor\u00eda de que el mundo es eterno, inventada por Fred Hoyle, demostr\u00f3 ser falsa y tuvo raz\u00f3n su maestro Lemaitre al descubrir la teor\u00eda del &#8220;Big Bang&#8221;, la explosi\u00f3n que dio origen al universo.<\/p>\n<p>El profesor belga Michel Ghins cree que la teor\u00eda de &#8220;los universos m\u00faltiples&#8221; fue ideada para escapar a la hip\u00f3tesis de que Dios cre\u00f3 nuestro mundo. Pero esto no es una escapatoria porque &#8220;es imaginable que Dios Todopoderoso crease esta profusi\u00f3n de m\u00faltiples universos&#8221;.<\/p>\n<p>Para el profesor italiano Evandro Agazzi, el azar no explica la existencia del mundo. Los que creen explicarlo todo a partir de alguna ciencia positiva caen en una &#8220;actitud reduccionista anticient\u00edfica&#8221;.<\/p>\n<p>El profesor de Boston Thomas Glick cree que estos fundamentalistas del materialismo se fabrican una especie de religi\u00f3n o metaf\u00edsica, &#8220;pero nadie confunde esto con ciencia&#8221;.<\/p>\n<p>Para el profesor Arana, de la Universidad de Sevilla &#8220;nunca hubo oposici\u00f3n entre fe y raz\u00f3n. Pero siempre hubo oposici\u00f3n entre dos \u2018fes&#8217;: la fe cientista, por decirlo as\u00ed, y la fe religiosa&#8221;.<\/p>\n<p>\u00bfEs pues la Biblia compatible con la ciencia? El premio nobel suizo Werner Arber responde: &#8220;Yo puedo leer en el G\u00e9nesis, al comienzo del Antiguo Testamento, que el mundo fue creado en varios periodos, y para m\u00ed, esos varios periodos son precisamente evoluci\u00f3n&#8221;.<\/p>\n<p>En opini\u00f3n del investigador holand\u00e9s Cees Dekker &#8220;el m\u00e9todo de la ciencia por s\u00ed mismo no es cristiano ni es ateo. Ciencia y religi\u00f3n no est\u00e1n en conflicto. Y la ciencia en s\u00ed misma encaja muy bien con la visi\u00f3n cristiana del mundo&#8221;.<\/p>\n<p>La serie &#8220;El Origen del Hombre&#8221;, afirma la productora, &#8220;pone al desnudo una cierta explotaci\u00f3n ideol\u00f3gica de la ciencia, y en particular del darwinismo. Darwin fue manipulado a favor del racismo, tanto por parte del marxismo como en la Alemania nazi y en Estados Unidos. La Iglesia cat\u00f3lica, por su parte, no conden\u00f3 a Darwin. La evoluci\u00f3n podr\u00eda haberse dado dentro de la creaci\u00f3n&#8221;.<\/p>\n<p>Esta serie audiovisual, a\u00f1ade, expone &#8220;la inconsistencia de posiciones ateas como las de Stephen Hawking o Richard Dawkins en un extremo, y la de los fundamentalistas b\u00edblicos y creacionistas en el otro&#8221;. Concluye que \u201cno es cient\u00edfico negar lo sobrenatural. La ciencia natural no capta lo que cae fuera de la esfera material&#8221;.<\/p>\n<p>Esta nueva versi\u00f3n del DVD ha contado con una ayuda de la John Templeton Foundation y de otros patrocinadores. En Italia la distribuye Diffusione San Paolo bajo el t\u00edtulo \u201cL\u2019Origine dell\u2019Uomo\u201d.<\/p>\n<p>[\/vc_column][vc_column width=&#8217;1\/4&#8242;]<div class='portfolio_slider_holder clearfix'><div class='portfolio_slider'  ><ul class='portfolio_slides'><li class='item'><div class='image_holder'><span class='image'><span class='image_pixel_hover'><\/span><a itemprop='url' href='https:\/\/www.goyaproducciones.com\/en\/portfolio_page\/the-origin-of-man\/' target='_self'><img fetchpriority=\"high\" decoding=\"async\" width=\"1080\" height=\"1542\" src=\"https:\/\/www.goyaproducciones.com\/wp-content\/uploads\/2025\/06\/the-origin-of-man.jpg\" class=\"attachment-full size-full wp-post-image\" alt=\"\" srcset=\"https:\/\/www.goyaproducciones.com\/wp-content\/uploads\/2025\/06\/the-origin-of-man.jpg 1080w, https:\/\/www.goyaproducciones.com\/wp-content\/uploads\/2025\/06\/the-origin-of-man-210x300.jpg 210w, https:\/\/www.goyaproducciones.com\/wp-content\/uploads\/2025\/06\/the-origin-of-man-1076x1536.jpg 1076w, https:\/\/www.goyaproducciones.com\/wp-content\/uploads\/2025\/06\/the-origin-of-man-700x999.jpg 700w\" sizes=\"(max-width: 1080px) 100vw, 1080px\" \/><\/a><\/span><div class='hover_feature_holder'><div class=\"hover_feature_holder_outer\"><div class=\"hover_feature_holder_inner\"><h3 itemprop=\"name\" class=\"portfolio_title entry_title\"><a itemprop=\"url\" href=\"https:\/\/www.goyaproducciones.com\/en\/portfolio_page\/the-origin-of-man\/\" target=\"_self\">The Origin of Man<\/a><\/h3><span class=\"separator small\"><\/span><div class=\"project_category\">Production<\/div><a itemprop=\"url\" href=\"https:\/\/www.goyaproducciones.com\/en\/portfolio_page\/the-origin-of-man\/\" target=\"_self\" class=\"qbutton white small\">view<\/a><\/div><\/div><\/div><\/div><\/li><\/ul><\/div><\/div>[vc_separator type=&#8217;transparent&#8217; position=&#8217;center&#8217; color=&#8221; thickness=&#8221; up=&#8217;5&#8242; down=&#8217;5&#8242;]<a itemprop=\"url\" href=\"http:\/\/www.encristiano.com\/es\/documentales-dvd\/el-origen-del-hombre-46.html\" target=\"_blank\" data-hover-background-color=\"#bbe004\" data-hover-color=\"#000000\" class=\"qbutton  default\" style=\"color: #fff; border-color: #fff; margin: 10; background-color:#048504;\" rel=\"noopener\">COMPRAR DVD<\/a> <a itemprop=\"url\" href=\"https:\/\/vimeo.com\/ondemand\/elorigendelhombre\" target=\"_blank\" data-hover-background-color=\"#bbe004\" data-hover-color=\"#000000\" class=\"qbutton  default\" style=\"color: #fff; border-color: #fff; margin: 10; background-color:#048504;\" rel=\"noopener\">VER ONLINE<\/a>[vc_separator type=&#8217;transparent&#8217; position=&#8217;center&#8217; color=&#8221; thickness=&#8221; up=&#8217;5&#8242; down=&#8217;5&#8242;]<\/p>\n<p>[\/vc_column][\/vc_row]<\/p>\n<\/div>","protected":false},"excerpt":{"rendered":"<p>El Pontificio Consejo de la Cultura lanza un documental de Goya Producciones sobre el origen del hombre. Treinta expertos opinan sobre la evoluci\u00f3n, la creaci\u00f3n y la fe&#8230;<\/p>\n","protected":false},"author":15,"featured_media":0,"comment_status":"open","ping_status":"open","sticky":false,"template":"","format":"standard","meta":{"footnotes":""},"categories":[60],"tags":[],"class_list":["post-16328","post","type-post","status-publish","format-standard","hentry","category-noticias"],"_links":{"self":[{"href":"https:\/\/www.goyaproducciones.com\/en\/wp-json\/wp\/v2\/posts\/16328","targetHints":{"allow":["GET"]}}],"collection":[{"href":"https:\/\/www.goyaproducciones.com\/en\/wp-json\/wp\/v2\/posts"}],"about":[{"href":"https:\/\/www.goyaproducciones.com\/en\/wp-json\/wp\/v2\/types\/post"}],"author":[{"embeddable":true,"href":"https:\/\/www.goyaproducciones.com\/en\/wp-json\/wp\/v2\/users\/15"}],"replies":[{"embeddable":true,"href":"https:\/\/www.goyaproducciones.com\/en\/wp-json\/wp\/v2\/comments?post=16328"}],"version-history":[{"count":3,"href":"https:\/\/www.goyaproducciones.com\/en\/wp-json\/wp\/v2\/posts\/16328\/revisions"}],"predecessor-version":[{"id":17104,"href":"https:\/\/www.goyaproducciones.com\/en\/wp-json\/wp\/v2\/posts\/16328\/revisions\/17104"}],"wp:attachment":[{"href":"https:\/\/www.goyaproducciones.com\/en\/wp-json\/wp\/v2\/media?parent=16328"}],"wp:term":[{"taxonomy":"category","embeddable":true,"href":"https:\/\/www.goyaproducciones.com\/en\/wp-json\/wp\/v2\/categories?post=16328"},{"taxonomy":"post_tag","embeddable":true,"href":"https:\/\/www.goyaproducciones.com\/en\/wp-json\/wp\/v2\/tags?post=16328"}],"curies":[{"name":"wp","href":"https:\/\/api.w.org\/{rel}","templated":true}]}}