{"id":16326,"date":"2012-05-17T09:51:04","date_gmt":"2012-05-17T07:51:04","guid":{"rendered":"https:\/\/www.goyaproducciones.com\/?p=16326"},"modified":"2025-06-10T14:57:02","modified_gmt":"2025-06-10T12:57:02","slug":"premios-signis-espana-2012","status":"publish","type":"post","link":"https:\/\/www.goyaproducciones.com\/en\/premios-signis-espana-2012\/","title":{"rendered":"Premios SIGNIS-ESPA\u00d1A 2012"},"content":{"rendered":"<div class=\"wpb-content-wrapper\"><p>[vc_row][vc_column][vc_column_text]<strong><em>Buscando a Eimish<\/em>, pel\u00edcula dirigida por Ana Rodr\u00edguez Rosell<\/strong> ha sido la galardonada con el Premio que concede la Asociaci\u00f3n Cat\u00f3lica Mundial para la Comunicaci\u00f3n SIGNIS-ESPA\u00d1A en el 15 Festival de M\u00e1laga.<\/p>\n<p>Por tercer a\u00f1o consecutivo el jurado SIGNIS-ESPA\u00d1A, compuesto en esta ocasi\u00f3n por Jes\u00fas de la Llave Cuevas, Juan Jos\u00e9 Loza G\u00f3mez y Luys Coleto P\u00e9rez ha estado presente en el Festival de M\u00e1laga de Cine espa\u00f1ol. La labor del jurado ha consistido en seleccionar una de las 13 cintas presentadas a la secci\u00f3n oficial de largometrajes de este Festival.<\/p>\n<p>Por su bella factura, su interesante propuesta a favor de la familia como comunidad de origen y de supervivencia social, su apertura a una visi\u00f3n esperanzada de la vida y por el modo amable de narrar unos viajes de redenci\u00f3n y de b\u00fasqueda identitaria, los miembros del jurado decidieron premiar la opera prima de<strong> Ana Rodr\u00edguez Rosell, <em>Buscando a Eimish.<\/em><\/strong><\/p>\n<p>Por otra parte el jurado SIGNIS-ESPA\u00d1A decidi\u00f3 conceder <strong>una menci\u00f3n especial<\/strong> a la pel\u00edcula de<strong> Xavi Puebla, <em>A puerta fr\u00eda.<\/em><\/strong> En este caso valoraron su ajustado y sobrio gui\u00f3n, la excelente interpretaci\u00f3n y el realista e impactante an\u00e1lisis de la sociedad actual.<\/p>\n<p><strong>Todos necesitamos una familia<\/strong><\/p>\n<p>Con esta frase, con la que termina la pel\u00edcula <em>Los ni\u00f1os salvajes<\/em> (Els nens salvatges) de Patricia Ferreira premiada con la Biznaga de oro a la mejor pel\u00edcula, podr\u00edamos resumir el sentir mayoritario de los guiones presentados a concurso en este decimoquinto Festival de Cine espa\u00f1ol de M\u00e1laga.<\/p>\n<p>Exactamente esta misma idea viene reflejada en la nota que Eimish escribe a Lucas al inicio de ese \u201ctren movie\u201d premiado por SIGNIS-ESPA\u00d1A: \u201c<em>necesito algo m\u00e1s, necesito una familia\u201d<\/em>. No parece casualidad. Cuando los artistas quieren expresar su disconformidad y rebeld\u00eda ante lo que les viene impuesto, lo hacen de modo recurrente, marcando tendencia. Esta sociedad esta necesitada de familia y gran parte de las historias presentadas en este Festival son historias en las que se est\u00e1 reivindicando a la familia como comunidad de origen y \u2013utilizando palabras de la realizadora <strong>Ana Rodr\u00edguez Rosell-<\/strong>, como \u201c<em>comunidad b\u00e1sica de supervivencia<\/em>\u201d.<\/p>\n<p>La premiada por SIGNIS-ESPA\u00d1A <strong><em>Buscando a Eimish<\/em><\/strong> es una valiente defensa de la necesidad de la familia como unidad b\u00e1sica de supervivencia personal y social. Una bella historia de amor con un <strong>positivo mensaje sobre la amistad, la reconciliaci\u00f3n y la sanaci\u00f3n interior. D<\/strong>irigida por Ana Rodr\u00edguez, el viaje que recorre Lucas (<strong>Oscar Jaenada) <\/strong>en busca de Eimish (<strong>Manuela Vell\u00e9s<\/strong>) es un viaje lleno de recuerdos, narrado certeramente con flahsbacks y en el que el protagonista, que empieza a conocer de verdad a su amada, ha de revisar sus prioridades vitales. Esta dulce y quiz\u00e1 excesivamente parsimoniosa opera prima retrata sutilmente la psicolog\u00eda femenina. Nos hace preguntarnos de principio a fin: pero, qu\u00e9 le est\u00e1 pasando a esta chica.<\/p>\n<p>[\/vc_column_text][\/vc_column][\/vc_row]<\/p>\n<\/div>","protected":false},"excerpt":{"rendered":"<p>La cinta espa\u00f1ola Buscando a Eimish, de Ana Rodr\u00edguez Rosell, recibi\u00f3 el Premio SIGNIS ESPA\u00d1A del  XV Festival de Cine Espa\u00f1ol de M\u00e1laga&#8230;<\/p>\n","protected":false},"author":15,"featured_media":0,"comment_status":"open","ping_status":"open","sticky":false,"template":"","format":"standard","meta":{"footnotes":""},"categories":[60],"tags":[],"class_list":["post-16326","post","type-post","status-publish","format-standard","hentry","category-noticias"],"_links":{"self":[{"href":"https:\/\/www.goyaproducciones.com\/en\/wp-json\/wp\/v2\/posts\/16326","targetHints":{"allow":["GET"]}}],"collection":[{"href":"https:\/\/www.goyaproducciones.com\/en\/wp-json\/wp\/v2\/posts"}],"about":[{"href":"https:\/\/www.goyaproducciones.com\/en\/wp-json\/wp\/v2\/types\/post"}],"author":[{"embeddable":true,"href":"https:\/\/www.goyaproducciones.com\/en\/wp-json\/wp\/v2\/users\/15"}],"replies":[{"embeddable":true,"href":"https:\/\/www.goyaproducciones.com\/en\/wp-json\/wp\/v2\/comments?post=16326"}],"version-history":[{"count":1,"href":"https:\/\/www.goyaproducciones.com\/en\/wp-json\/wp\/v2\/posts\/16326\/revisions"}],"predecessor-version":[{"id":16327,"href":"https:\/\/www.goyaproducciones.com\/en\/wp-json\/wp\/v2\/posts\/16326\/revisions\/16327"}],"wp:attachment":[{"href":"https:\/\/www.goyaproducciones.com\/en\/wp-json\/wp\/v2\/media?parent=16326"}],"wp:term":[{"taxonomy":"category","embeddable":true,"href":"https:\/\/www.goyaproducciones.com\/en\/wp-json\/wp\/v2\/categories?post=16326"},{"taxonomy":"post_tag","embeddable":true,"href":"https:\/\/www.goyaproducciones.com\/en\/wp-json\/wp\/v2\/tags?post=16326"}],"curies":[{"name":"wp","href":"https:\/\/api.w.org\/{rel}","templated":true}]}}