{"id":16323,"date":"2011-11-11T09:49:15","date_gmt":"2011-11-11T08:49:15","guid":{"rendered":"https:\/\/www.goyaproducciones.com\/?p=16323"},"modified":"2025-06-10T14:57:01","modified_gmt":"2025-06-10T12:57:01","slug":"lanzamiento-dvd-jmj-madrid-2011","status":"publish","type":"post","link":"https:\/\/www.goyaproducciones.com\/en\/lanzamiento-dvd-jmj-madrid-2011\/","title":{"rendered":"Lanzamiento DVD JMJ Madrid 2011"},"content":{"rendered":"<div class=\"wpb-content-wrapper\"><p>[vc_row][vc_column width=&#8217;3\/4&#8242;]\u00a1Esta es la Juventud del Papa! es el t\u00edtulo del video que resume los m\u00e1s impactantes aspectos de la Jornada Mundial de la Juventud de Madrid.\u00a0 El DVD incluye un amplio documental de 45 minutos y otros 90 minutos de extras.<\/p>\n<p>El documental nos sumerge en el sensacional ambiente en que los 1.500.000 j\u00f3venes venidos de 195 pa\u00edses celebraron sus multitudinarios encuentros con Benedicto XVI. Recoge todos los actos celebrados por el Papa y resume sus mensajes. Revive, entre otros momentos fuertes, la memorable \u201caventura\u201d del s\u00e1bado frente a la gran tormenta que se abati\u00f3 sobre Cuatro Vientos.<\/p>\n<p>Tambi\u00e9n se escuchan las reacciones y comentarios de los j\u00f3venes de los cinco continentes. Impresionan, entre otras, las declaraciones de una india, un palestino, y\u00a0 de unas chicas holandesas despu\u00e9s de confesarse en la \u201cfiesta del perd\u00f3n\u201d en el Parque del Retiro.<\/p>\n<p>El DVD contiene numerosos extras, como el \u201cmaking of\u201d, diversas entrevistas, algunos videoblogs famosos en los que se sigue el ambiente a pie de calle, la acogida en la JMJ, y una\u00a0 galer\u00eda fotogr\u00e1fica de alto nivel art\u00edstico. Particularmente original es la secci\u00f3n \u201cLos j\u00f3venes responden\u201d en la que chicos y chicas j\u00f3venes contestan a las preguntas m\u00e1s corrientes sobre la fe y la Iglesia.<\/p>\n<p>\u201cSin ser una producci\u00f3n \u201coficial\u201d es un video que interesar\u00e1 a todos, y ser\u00e1 particularmente \u00fatil para formadores y educadores\u201d, afirma el director de la productora, Andr\u00e9s Garrig\u00f3.<\/p>\n<p>[\/vc_column][vc_column width=&#8217;1\/4&#8242;]<div class='portfolio_slider_holder clearfix'><div class='portfolio_slider'  ><ul class='portfolio_slides'><li class='item'><div class='image_holder'><span class='image'><span class='image_pixel_hover'><\/span><a itemprop='url' href='https:\/\/www.goyaproducciones.com\/en\/portfolio_page\/wyd-madrid-2011\/' target='_self'><img fetchpriority=\"high\" decoding=\"async\" width=\"767\" height=\"1084\" src=\"https:\/\/www.goyaproducciones.com\/wp-content\/uploads\/2025\/06\/54-JMJ-2011.jpg\" class=\"attachment-full size-full wp-post-image\" alt=\"\" srcset=\"https:\/\/www.goyaproducciones.com\/wp-content\/uploads\/2025\/06\/54-JMJ-2011.jpg 767w, https:\/\/www.goyaproducciones.com\/wp-content\/uploads\/2025\/06\/54-JMJ-2011-212x300.jpg 212w, https:\/\/www.goyaproducciones.com\/wp-content\/uploads\/2025\/06\/54-JMJ-2011-700x989.jpg 700w\" sizes=\"(max-width: 767px) 100vw, 767px\" \/><\/a><\/span><div class='hover_feature_holder'><div class=\"hover_feature_holder_outer\"><div class=\"hover_feature_holder_inner\"><h3 itemprop=\"name\" class=\"portfolio_title entry_title\"><a itemprop=\"url\" href=\"https:\/\/www.goyaproducciones.com\/en\/portfolio_page\/wyd-madrid-2011\/\" target=\"_self\">WYD Madrid 2011<\/a><\/h3><span class=\"separator small\"><\/span><div class=\"project_category\">Production<\/div><a itemprop=\"url\" href=\"https:\/\/www.goyaproducciones.com\/en\/portfolio_page\/wyd-madrid-2011\/\" target=\"_self\" class=\"qbutton white small\">view<\/a><\/div><\/div><\/div><\/div><\/li><\/ul><\/div><\/div>[vc_separator type=&#8217;transparent&#8217; position=&#8217;center&#8217; color=&#8221; thickness=&#8221; up=&#8217;5&#8242; down=&#8217;5&#8242;]<a itemprop=\"url\" href=\"http:\/\/www.encristiano.com\/es\/documentales-dvd\/jmj-madrid-2011-146.html\" target=\"_blank\" data-hover-background-color=\"#bbe004\" data-hover-color=\"#000000\" class=\"qbutton  default\" style=\"color: #fff; border-color: #fff; margin: 10; background-color:#048504;\" rel=\"noopener\">COMPRAR DVD<\/a> <a itemprop=\"url\" href=\"https:\/\/vimeo.com\/ondemand\/jmj2011\" target=\"_blank\" data-hover-background-color=\"#bbe004\" data-hover-color=\"#000000\" class=\"qbutton  default\" style=\"color: #fff; border-color: #fff; margin: 10; background-color:#048504;\" rel=\"noopener\">VER ONLINE<\/a>[vc_separator type=&#8217;transparent&#8217; position=&#8217;center&#8217; color=&#8221; thickness=&#8221; up=&#8217;5&#8242; down=&#8217;5&#8242;]<\/p>\n<p>[\/vc_column][\/vc_row]<\/p>\n<\/div>","protected":false},"excerpt":{"rendered":"<p>Ya puedes encargar el tan esperado DVD sobre la JMJ Madrid 2011. Un completo resumen con muchos extras: spots, la jmj en la web, preguntas y respuestas comprometidas&#8230;<\/p>\n","protected":false},"author":15,"featured_media":0,"comment_status":"open","ping_status":"open","sticky":false,"template":"","format":"standard","meta":{"footnotes":""},"categories":[60],"tags":[],"class_list":["post-16323","post","type-post","status-publish","format-standard","hentry","category-noticias"],"_links":{"self":[{"href":"https:\/\/www.goyaproducciones.com\/en\/wp-json\/wp\/v2\/posts\/16323","targetHints":{"allow":["GET"]}}],"collection":[{"href":"https:\/\/www.goyaproducciones.com\/en\/wp-json\/wp\/v2\/posts"}],"about":[{"href":"https:\/\/www.goyaproducciones.com\/en\/wp-json\/wp\/v2\/types\/post"}],"author":[{"embeddable":true,"href":"https:\/\/www.goyaproducciones.com\/en\/wp-json\/wp\/v2\/users\/15"}],"replies":[{"embeddable":true,"href":"https:\/\/www.goyaproducciones.com\/en\/wp-json\/wp\/v2\/comments?post=16323"}],"version-history":[{"count":2,"href":"https:\/\/www.goyaproducciones.com\/en\/wp-json\/wp\/v2\/posts\/16323\/revisions"}],"predecessor-version":[{"id":17097,"href":"https:\/\/www.goyaproducciones.com\/en\/wp-json\/wp\/v2\/posts\/16323\/revisions\/17097"}],"wp:attachment":[{"href":"https:\/\/www.goyaproducciones.com\/en\/wp-json\/wp\/v2\/media?parent=16323"}],"wp:term":[{"taxonomy":"category","embeddable":true,"href":"https:\/\/www.goyaproducciones.com\/en\/wp-json\/wp\/v2\/categories?post=16323"},{"taxonomy":"post_tag","embeddable":true,"href":"https:\/\/www.goyaproducciones.com\/en\/wp-json\/wp\/v2\/tags?post=16323"}],"curies":[{"name":"wp","href":"https:\/\/api.w.org\/{rel}","templated":true}]}}