{"id":16320,"date":"2012-06-07T09:47:02","date_gmt":"2012-06-07T07:47:02","guid":{"rendered":"https:\/\/www.goyaproducciones.com\/?p=16320"},"modified":"2025-06-10T14:57:00","modified_gmt":"2025-06-10T12:57:00","slug":"corpus-christi-toledo-2012","status":"publish","type":"post","link":"https:\/\/www.goyaproducciones.com\/en\/corpus-christi-toledo-2012\/","title":{"rendered":"Corpus Christi Toledo 2012"},"content":{"rendered":"<div class=\"wpb-content-wrapper\"><p>[vc_row][vc_column][vc_column_text]Las calles de Todelo se visten de gala para celebrar el Corpus Christi. Una solemne procesi\u00f3n transcurre en medio de una intensa atm\u00f3sfera de m\u00fasica, cantos, aromas, recogimiento y oraci\u00f3n.<\/p>\n<p>El Corpus Christi de Toledo ha sido declarado de Inter\u00e9s Tur\u00edstico Internacional. Sus or\u00edgenes se hallan en el siglo XIII y supone, probablemente, el Corpus Christi m\u00e1s bello que existe. El cortejo procesional recorre dos kil\u00f3metros de calles entoldadas y ricamente adornadas.<\/p>\n<p>[\/vc_column_text][\/vc_column][\/vc_row]<\/p>\n<\/div>","protected":false},"excerpt":{"rendered":"<p>Las calles de Todelo se visten de gala para celebrar el Corpus Christi. Una solemne procesi\u00f3n transcurre en medio de una intensa atm\u00f3sfera de oraci\u00f3n&#8230;<\/p>\n","protected":false},"author":15,"featured_media":0,"comment_status":"open","ping_status":"open","sticky":false,"template":"","format":"standard","meta":{"footnotes":""},"categories":[60],"tags":[],"class_list":["post-16320","post","type-post","status-publish","format-standard","hentry","category-noticias"],"_links":{"self":[{"href":"https:\/\/www.goyaproducciones.com\/en\/wp-json\/wp\/v2\/posts\/16320","targetHints":{"allow":["GET"]}}],"collection":[{"href":"https:\/\/www.goyaproducciones.com\/en\/wp-json\/wp\/v2\/posts"}],"about":[{"href":"https:\/\/www.goyaproducciones.com\/en\/wp-json\/wp\/v2\/types\/post"}],"author":[{"embeddable":true,"href":"https:\/\/www.goyaproducciones.com\/en\/wp-json\/wp\/v2\/users\/15"}],"replies":[{"embeddable":true,"href":"https:\/\/www.goyaproducciones.com\/en\/wp-json\/wp\/v2\/comments?post=16320"}],"version-history":[{"count":1,"href":"https:\/\/www.goyaproducciones.com\/en\/wp-json\/wp\/v2\/posts\/16320\/revisions"}],"predecessor-version":[{"id":16322,"href":"https:\/\/www.goyaproducciones.com\/en\/wp-json\/wp\/v2\/posts\/16320\/revisions\/16322"}],"wp:attachment":[{"href":"https:\/\/www.goyaproducciones.com\/en\/wp-json\/wp\/v2\/media?parent=16320"}],"wp:term":[{"taxonomy":"category","embeddable":true,"href":"https:\/\/www.goyaproducciones.com\/en\/wp-json\/wp\/v2\/categories?post=16320"},{"taxonomy":"post_tag","embeddable":true,"href":"https:\/\/www.goyaproducciones.com\/en\/wp-json\/wp\/v2\/tags?post=16320"}],"curies":[{"name":"wp","href":"https:\/\/api.w.org\/{rel}","templated":true}]}}