{"id":16141,"date":"2013-03-06T17:07:18","date_gmt":"2013-03-06T16:07:18","guid":{"rendered":"https:\/\/www.goyaproducciones.com\/?p=16141"},"modified":"2025-06-10T14:56:51","modified_gmt":"2025-06-10T12:56:51","slug":"ninos-imaginan-el-proximo-papa","status":"publish","type":"post","link":"https:\/\/www.goyaproducciones.com\/en\/ninos-imaginan-el-proximo-papa\/","title":{"rendered":"Ni\u00f1os imaginan el pr\u00f3ximo Papa"},"content":{"rendered":"<div class=\"wpb-content-wrapper\"><p>[vc_row][vc_column][vc_column_text]En el spot \u201cNi\u00f1os imaginan el pr\u00f3ximo Papa\u201d varios ni\u00f1os reflexionan sobre la idea de <strong>\u00bfc\u00f3mo ser\u00e1 nuestro Papa?<\/strong>, y su respuesta es clara &#8220;<strong>seas quien seas te esperamos<\/strong>&#8220;.<\/p>\n<p>Pablo Larrocha, Chechu Garc\u00eda, Miguel Sanchez del Moral y Eva Latonda, los creadores de este original spot, son los mismos j\u00f3venes que se lanzaron con el video viral \u201cPara un joven de 85 a\u00f1os\u201d que alcanz\u00f3 84,734 visitas en pocos d\u00edas.<\/p>\n<p>El futuro Papa ya cuenta con el apoyo, entre otros, de los m\u00e1s peque\u00f1os. As\u00ed lo muestra un spot\u00a0 \u201cNi\u00f1os imaginan el pr\u00f3ximo Papa\u201d donde varios ni\u00f1os reflexionan sobre la idea de \u00bfc\u00f3mo ser\u00e1 nuestro Papa? Haciendo eco de la sencillez de estos peque\u00f1os tenemos que aprender la lecci\u00f3n que nos dan en este spot de menos de un minuto de duraci\u00f3n. Ellos se preguntan \u00bfser\u00e1s blanco, negro o amarillo?, \u00bfvendr\u00e1s de Europa, de Am\u00e9rica\u2026o eres un astronauta?, sea como fuere, ya sea joven o mayor, lo que estos peque\u00f1os quieren dejar claro es que leer\u00e1n todo lo que escriba, escuchar\u00e1n todas sus palabras y rezar\u00e1n por \u00e9l todas las noches. Los ni\u00f1os anuncian que le har\u00e1n una gran fiesta y le dar\u00e1n un abrazo muy grande, ya que esperan con ilusi\u00f3n conocer al nuevo Papa.<\/p>\n<p>El v\u00eddeo concluye con la direcci\u00f3n de Twitter donde se quiere apoyar al sucesor de Benedicto XVI: <strong>@mypontifex<\/strong>, seguida del hashtag <strong>#whoeverpope<\/strong>. Quieren que nos unamos todos para que el nuevo Papa,\u00a0 incluso antes de que \u00e9l mismo sepa que el peso de la Iglesia va a recaer sobre \u00e9l, se sienta acogido por todos desde el primer momento, por el mero hecho de que es \u201cel mism\u00edsimo San Pedro\u201d y por ello cuenta con la oraci\u00f3n y el cari\u00f1o de todos los fieles.<\/p>\n<p>[\/vc_column_text][\/vc_column][\/vc_row]<\/p>\n<\/div>","protected":false},"excerpt":{"rendered":"<p>En el spot \u201cNi\u00f1os imaginan el pr\u00f3ximo Papa\u201d varios ni\u00f1os reflexionan sobre la idea de \u00bfc\u00f3mo ser\u00e1 nuestro Papa?, y su respuesta es clara &#8220;seas quien seas te esperamos&#8221;.<\/p>\n","protected":false},"author":15,"featured_media":0,"comment_status":"open","ping_status":"open","sticky":false,"template":"","format":"standard","meta":{"footnotes":""},"categories":[60],"tags":[],"class_list":["post-16141","post","type-post","status-publish","format-standard","hentry","category-noticias"],"_links":{"self":[{"href":"https:\/\/www.goyaproducciones.com\/en\/wp-json\/wp\/v2\/posts\/16141","targetHints":{"allow":["GET"]}}],"collection":[{"href":"https:\/\/www.goyaproducciones.com\/en\/wp-json\/wp\/v2\/posts"}],"about":[{"href":"https:\/\/www.goyaproducciones.com\/en\/wp-json\/wp\/v2\/types\/post"}],"author":[{"embeddable":true,"href":"https:\/\/www.goyaproducciones.com\/en\/wp-json\/wp\/v2\/users\/15"}],"replies":[{"embeddable":true,"href":"https:\/\/www.goyaproducciones.com\/en\/wp-json\/wp\/v2\/comments?post=16141"}],"version-history":[{"count":4,"href":"https:\/\/www.goyaproducciones.com\/en\/wp-json\/wp\/v2\/posts\/16141\/revisions"}],"predecessor-version":[{"id":16147,"href":"https:\/\/www.goyaproducciones.com\/en\/wp-json\/wp\/v2\/posts\/16141\/revisions\/16147"}],"wp:attachment":[{"href":"https:\/\/www.goyaproducciones.com\/en\/wp-json\/wp\/v2\/media?parent=16141"}],"wp:term":[{"taxonomy":"category","embeddable":true,"href":"https:\/\/www.goyaproducciones.com\/en\/wp-json\/wp\/v2\/categories?post=16141"},{"taxonomy":"post_tag","embeddable":true,"href":"https:\/\/www.goyaproducciones.com\/en\/wp-json\/wp\/v2\/tags?post=16141"}],"curies":[{"name":"wp","href":"https:\/\/api.w.org\/{rel}","templated":true}]}}