{"id":16138,"date":"2013-03-17T16:37:38","date_gmt":"2013-03-17T15:37:38","guid":{"rendered":"https:\/\/www.goyaproducciones.com\/?p=16138"},"modified":"2025-06-10T14:56:49","modified_gmt":"2025-06-10T12:56:49","slug":"el-primer-documental-sobre-el-papa-francisco","status":"publish","type":"post","link":"https:\/\/www.goyaproducciones.com\/en\/el-primer-documental-sobre-el-papa-francisco\/","title":{"rendered":"El primer documental sobre el Papa Francisco"},"content":{"rendered":"<div class=\"wpb-content-wrapper\"><p>[vc_row][vc_column width=&#8217;3\/4&#8242;]El primer documental sobre el nuevo Romano Pontifice ha sido ya realizado en un tiempo r\u00e9cord por Goya Producciones y sale a la calle el pr\u00f3ximo viernes con 120.000 ejemplares. Estos DVDs podr\u00e1n obtenerse gratuitamente en todos los quioscos de Espa\u00f1a con el diario La Raz\u00f3n.<\/p>\n<p>Este v\u00eddeo de 45 minutos lleva por t\u00edtulo \u00bfQui\u00e9n es el Papa Francisco? Contiene entra\u00f1ables im\u00e1genes y grabaciones in\u00e9ditas de la vida del hasta hace poco Cardenal Bergoglio. Sus actuaciones y an\u00e9cdotas transmiten el excepcional carisma del papa argentino que est\u00e1 rompiendo todos los esquemas. Adem\u00e1s, este DVD ofrece como extra una entrevista suya realizada por el canal internacional EWTN.<\/p>\n<p>El documental recoge opiniones de los provinciales de la Compa\u00f1\u00eda de Jes\u00fas en Argentina y Espa\u00f1a, as\u00ed como de periodistas y profesores de universidades pontificias. Un obispo\u00a0 espa\u00f1ol cuenta sus impresiones de los ejercicios espirituales que le predic\u00f3 el Cardenal Bergoglio.<\/p>\n<p>El video recoge las im\u00e1genes m\u00e1s impresionantes del c\u00f3nclave que derrot\u00f3 todas las quinielas, y los detalles m\u00e1s emotivos de las primeras apariciones del Papa Francisco, salpicados de humor, sencillez y cercan\u00eda.<\/p>\n<p>Despu\u00e9s del \u00e9xito del documental \u201cEl C\u00f3nclave: c\u00f3mo se elige un papa\u201d, realizado por Goya Producciones y emitido por numerosas televisiones nacionales y extranjeras, la productora nos ofrece un trabajo de alta calidad t\u00e9cnica, con un gui\u00f3n y una realizaci\u00f3n que mantienen la atenci\u00f3n en todo momento.[\/vc_column][vc_column width=&#8217;1\/4&#8242;]<div class='portfolio_slider_holder clearfix'><div class='portfolio_slider'  ><ul class='portfolio_slides'><li class='item'><div class='image_holder'><span class='image'><span class='image_pixel_hover'><\/span><a itemprop='url' href='https:\/\/www.goyaproducciones.com\/en\/portfolio_page\/who-is-pope-francis\/' target='_self'><img fetchpriority=\"high\" decoding=\"async\" width=\"762\" height=\"1081\" src=\"https:\/\/www.goyaproducciones.com\/wp-content\/uploads\/2025\/06\/portada-francisco-ENG-RGB.jpg\" class=\"attachment-full size-full wp-post-image\" alt=\"\" srcset=\"https:\/\/www.goyaproducciones.com\/wp-content\/uploads\/2025\/06\/portada-francisco-ENG-RGB.jpg 762w, https:\/\/www.goyaproducciones.com\/wp-content\/uploads\/2025\/06\/portada-francisco-ENG-RGB-211x300.jpg 211w, https:\/\/www.goyaproducciones.com\/wp-content\/uploads\/2025\/06\/portada-francisco-ENG-RGB-700x993.jpg 700w\" sizes=\"(max-width: 762px) 100vw, 762px\" \/><\/a><\/span><div class='hover_feature_holder'><div class=\"hover_feature_holder_outer\"><div class=\"hover_feature_holder_inner\"><h3 itemprop=\"name\" class=\"portfolio_title entry_title\"><a itemprop=\"url\" href=\"https:\/\/www.goyaproducciones.com\/en\/portfolio_page\/who-is-pope-francis\/\" target=\"_self\">Who is Pope Francis?<\/a><\/h3><span class=\"separator small\"><\/span><div class=\"project_category\">Production<\/div><a itemprop=\"url\" href=\"https:\/\/www.goyaproducciones.com\/en\/portfolio_page\/who-is-pope-francis\/\" target=\"_self\" class=\"qbutton white small\">view<\/a><\/div><\/div><\/div><\/div><\/li><\/ul><\/div><\/div>[vc_separator type=&#8217;transparent&#8217; position=&#8217;center&#8217; color=&#8221; thickness=&#8221; up=&#8217;5&#8242; down=&#8217;5&#8242;]<a itemprop=\"url\" href=\"http:\/\/www.encristiano.com\/es\/documentales-dvd\/quien-es-el-papa-francisco-608.html\" target=\"_blank\" data-hover-background-color=\"#bbe004\" data-hover-color=\"#000000\" class=\"qbutton  default\" style=\"color: #fff; border-color: #fff; margin: 10; background-color:#048504;\" rel=\"noopener\">COMPRAR DVD<\/a> <a itemprop=\"url\" href=\"https:\/\/vimeo.com\/ondemand\/papafrancisco\" target=\"_blank\" data-hover-background-color=\"#bbe004\" data-hover-color=\"#000000\" class=\"qbutton  default\" style=\"color: #fff; border-color: #fff; margin: 10; background-color:#048504;\" rel=\"noopener\">VER ONLINE<\/a>[vc_separator type=&#8217;transparent&#8217; position=&#8217;center&#8217; color=&#8221; thickness=&#8221; up=&#8217;5&#8242; down=&#8217;5&#8242;]<\/p>\n<p>[\/vc_column][\/vc_row]<\/p>\n<\/div>","protected":false},"excerpt":{"rendered":"<p>Realizado en un tiempo r\u00e9cord por Goya Producciones, sale a la calle el pr\u00f3ximo viernes con 120.000 ejemplares.  Estos DVDs podr\u00e1n obtenerse gratuitamente en todos los quioscos de Espa\u00f1a con el diario La Raz\u00f3n&#8230;<\/p>\n","protected":false},"author":15,"featured_media":24149,"comment_status":"open","ping_status":"open","sticky":false,"template":"","format":"standard","meta":{"footnotes":""},"categories":[60],"tags":[88,82,80,81,105,97,100],"class_list":["post-16138","post","type-post","status-publish","format-standard","has-post-thumbnail","hentry","category-noticias","tag-documental","tag-dvd","tag-lanzamiento","tag-novedad","tag-papa-benedicto-xvi","tag-papa-francisco","tag-vaticano"],"_links":{"self":[{"href":"https:\/\/www.goyaproducciones.com\/en\/wp-json\/wp\/v2\/posts\/16138","targetHints":{"allow":["GET"]}}],"collection":[{"href":"https:\/\/www.goyaproducciones.com\/en\/wp-json\/wp\/v2\/posts"}],"about":[{"href":"https:\/\/www.goyaproducciones.com\/en\/wp-json\/wp\/v2\/types\/post"}],"author":[{"embeddable":true,"href":"https:\/\/www.goyaproducciones.com\/en\/wp-json\/wp\/v2\/users\/15"}],"replies":[{"embeddable":true,"href":"https:\/\/www.goyaproducciones.com\/en\/wp-json\/wp\/v2\/comments?post=16138"}],"version-history":[{"count":3,"href":"https:\/\/www.goyaproducciones.com\/en\/wp-json\/wp\/v2\/posts\/16138\/revisions"}],"predecessor-version":[{"id":17132,"href":"https:\/\/www.goyaproducciones.com\/en\/wp-json\/wp\/v2\/posts\/16138\/revisions\/17132"}],"wp:featuredmedia":[{"embeddable":true,"href":"https:\/\/www.goyaproducciones.com\/en\/wp-json\/wp\/v2\/media\/24149"}],"wp:attachment":[{"href":"https:\/\/www.goyaproducciones.com\/en\/wp-json\/wp\/v2\/media?parent=16138"}],"wp:term":[{"taxonomy":"category","embeddable":true,"href":"https:\/\/www.goyaproducciones.com\/en\/wp-json\/wp\/v2\/categories?post=16138"},{"taxonomy":"post_tag","embeddable":true,"href":"https:\/\/www.goyaproducciones.com\/en\/wp-json\/wp\/v2\/tags?post=16138"}],"curies":[{"name":"wp","href":"https:\/\/api.w.org\/{rel}","templated":true}]}}