{"id":16128,"date":"2013-12-17T14:58:38","date_gmt":"2013-12-17T13:58:38","guid":{"rendered":"https:\/\/www.goyaproducciones.com\/?p=16128"},"modified":"2025-06-10T14:56:46","modified_gmt":"2025-06-10T12:56:46","slug":"lanzamiento-del-documental-el-misterio-de-juan-pablo-ii","status":"publish","type":"post","link":"https:\/\/www.goyaproducciones.com\/en\/lanzamiento-del-documental-el-misterio-de-juan-pablo-ii\/","title":{"rendered":"Lanzamiento del documental: EL MISTERIO DE JUAN PABLO II"},"content":{"rendered":"<div class=\"wpb-content-wrapper\"><p>[vc_row][vc_column width=&#8217;3\/4&#8242;]\u00bfHubo un plan secreto que relaciona F\u00e1tima con el Cardenal Wyszynski, Juan Pablo II y la ca\u00edda del imperio sovi\u00e9tico? Tal es el interrogante que plantea el nuevo documental que acaba de lanzar Goya Producciones. Su t\u00edtulo es revelador: \u201cEl Misterio de Juan Pablo II: De F\u00e1tima al Fin del Comunismo\u201d.<\/p>\n<p>El documental es una \u00e1gil adaptaci\u00f3n espa\u00f1ola de la pel\u00edcula polaca Tajemnica tajemnic, producido por Rafael Porzezinski y dirigida por Agnieszka Porzezinska y Pawel Sobczyk, con la colaboraci\u00f3n de un brillante elenco de expertos y testigos, como el exsecretario de Juan Pablo II y hoy cardenal de Cracovia, Stanis\u0142aw Dziwisz.<\/p>\n<p>Este documental sugiere que la ca\u00edda del comunismo no se decidi\u00f3 en la poderosa Uni\u00f3n Sovi\u00e9tica&#8230; sino en la humilde Polonia. \u00bfHubo un plan oculto que guiaba los acontecimientos? \u00bfTen\u00eda algo que ver con el Mensaje de F\u00e1tima? \u00bfJug\u00f3 alg\u00fan papel la Virgen de Czestochowa? Existen indicios de que as\u00ed fue. Entonces, \u00bfde qui\u00e9nes se sirvi\u00f3 la Virgen para sus fines?<\/p>\n<p>Esta epopeya la protagonizan el Cardenal primado de Polonia Stefan Wyszynski, Juan Pablo II, el pueblo polaco y&#8230; la Virgen. Lo revelan testigos de primera mano, apoyados en im\u00e1genes impresionantes de los archivos de la televisi\u00f3n y del episcopado polacos.<\/p>\n<p>La Historia nos muestran c\u00f3mo la masiva devoci\u00f3n polaca a Mar\u00eda, ridiculizada y perseguida por los comunistas, de pronto se convirti\u00f3 en la fuerza de la Iglesia. Wyszynski fue el s\u00edmbolo de la resistencia a la dictadura atea. \u201cNing\u00fan Zar va a sentarse sobre el altar\u201d, profetiz\u00f3 desde la c\u00e1rcel. Y de ese corage surgi\u00f3 la figura de Karol Woytila, el Papa que debi\u00f3 ser asesinado. \u00bfQu\u00e9 milagro le hizo sobrevivir al disparo certero de un asesino profesional?<\/p>\n<p>Seg\u00fan apuntes de Sor Luc\u00eda, citados por un testigo, al consagrar el mundo al Inmaculado Coraz\u00f3n de Mar\u00eda, Juan Pablo II\u00a0 cambi\u00f3 el curso de la historia: evit\u00f3 la guerra nuclear prevista para la d\u00e9cada de los 80. Una guerra entre la OTAN y el Pacto de Varsovia, hubiera costado millones de vidas y destruido docenas de ciudades.<\/p>\n<p>Un documental que inserta la pr\u00f3xima canonizaci\u00f3n de Juan Pablo II en una perspectiva nueva cuajada de interrogantes acerca de la acci\u00f3n divina en la historia.<\/p>\n<p>[\/vc_column][vc_column width=&#8217;1\/4&#8242;]<div class='portfolio_slider_holder clearfix'><div class='portfolio_slider'  ><ul class='portfolio_slides'><li class='item'><div class='image_holder'><span class='image'><span class='image_pixel_hover'><\/span><a itemprop='url' href='https:\/\/www.goyaproducciones.com\/en\/portfolio_page\/the-mystery-of-john-paul-ii\/' target='_self'><img fetchpriority=\"high\" decoding=\"async\" width=\"762\" height=\"1081\" src=\"https:\/\/www.goyaproducciones.com\/wp-content\/uploads\/2025\/06\/portada-el-misterio-de-juan-pablo-ii-web.jpg\" class=\"attachment-full size-full wp-post-image\" alt=\"\" srcset=\"https:\/\/www.goyaproducciones.com\/wp-content\/uploads\/2025\/06\/portada-el-misterio-de-juan-pablo-ii-web.jpg 762w, https:\/\/www.goyaproducciones.com\/wp-content\/uploads\/2025\/06\/portada-el-misterio-de-juan-pablo-ii-web-211x300.jpg 211w, https:\/\/www.goyaproducciones.com\/wp-content\/uploads\/2025\/06\/portada-el-misterio-de-juan-pablo-ii-web-700x993.jpg 700w\" sizes=\"(max-width: 762px) 100vw, 762px\" \/><\/a><\/span><div class='hover_feature_holder'><div class=\"hover_feature_holder_outer\"><div class=\"hover_feature_holder_inner\"><h3 itemprop=\"name\" class=\"portfolio_title entry_title\"><a itemprop=\"url\" href=\"https:\/\/www.goyaproducciones.com\/en\/portfolio_page\/the-mystery-of-john-paul-ii\/\" target=\"_self\">The Mystery of John Paul II<\/a><\/h3><span class=\"separator small\"><\/span><div class=\"project_category\">Production<\/div><a itemprop=\"url\" href=\"https:\/\/www.goyaproducciones.com\/en\/portfolio_page\/the-mystery-of-john-paul-ii\/\" target=\"_self\" class=\"qbutton white small\">view<\/a><\/div><\/div><\/div><\/div><\/li><\/ul><\/div><\/div>[vc_separator type=&#8217;transparent&#8217; position=&#8217;center&#8217; color=&#8221; thickness=&#8221; up=&#8217;5&#8242; down=&#8217;5&#8242;]<a itemprop=\"url\" href=\"http:\/\/www.encristiano.com\/es\/documentales-dvd\/el-misterio-de-juan-pablo-ii-683.html\" target=\"_blank\" data-hover-background-color=\"#bbe004\" data-hover-color=\"#000000\" class=\"qbutton  default\" style=\"color: #fff; border-color: #fff; margin: 10; background-color:#048504;\" rel=\"noopener\">COMPRAR DVD<\/a> [vc_separator type=&#8217;transparent&#8217; position=&#8217;center&#8217; color=&#8221; thickness=&#8221; up=&#8217;5&#8242; down=&#8217;5&#8242;]<\/p>\n<p>[\/vc_column][\/vc_row]<\/p>\n<\/div>","protected":false},"excerpt":{"rendered":"<p>\u00bfHubo un plan secreto que relaciona F\u00e1tima con el Cardenal Wyszynski, Juan Pablo II y la ca\u00edda del imperio sovi\u00e9tico? Tal es el interrogante que plantea el nuevo documental que acaba de lanzar Goya Producciones&#8230;<\/p>\n","protected":false},"author":15,"featured_media":24146,"comment_status":"open","ping_status":"open","sticky":false,"template":"","format":"standard","meta":{"footnotes":""},"categories":[60],"tags":[88,82,103,102,80,81],"class_list":["post-16128","post","type-post","status-publish","format-standard","has-post-thumbnail","hentry","category-noticias","tag-documental","tag-dvd","tag-fatima","tag-juan-pablo-ii","tag-lanzamiento","tag-novedad"],"_links":{"self":[{"href":"https:\/\/www.goyaproducciones.com\/en\/wp-json\/wp\/v2\/posts\/16128","targetHints":{"allow":["GET"]}}],"collection":[{"href":"https:\/\/www.goyaproducciones.com\/en\/wp-json\/wp\/v2\/posts"}],"about":[{"href":"https:\/\/www.goyaproducciones.com\/en\/wp-json\/wp\/v2\/types\/post"}],"author":[{"embeddable":true,"href":"https:\/\/www.goyaproducciones.com\/en\/wp-json\/wp\/v2\/users\/15"}],"replies":[{"embeddable":true,"href":"https:\/\/www.goyaproducciones.com\/en\/wp-json\/wp\/v2\/comments?post=16128"}],"version-history":[{"count":2,"href":"https:\/\/www.goyaproducciones.com\/en\/wp-json\/wp\/v2\/posts\/16128\/revisions"}],"predecessor-version":[{"id":17084,"href":"https:\/\/www.goyaproducciones.com\/en\/wp-json\/wp\/v2\/posts\/16128\/revisions\/17084"}],"wp:featuredmedia":[{"embeddable":true,"href":"https:\/\/www.goyaproducciones.com\/en\/wp-json\/wp\/v2\/media\/24146"}],"wp:attachment":[{"href":"https:\/\/www.goyaproducciones.com\/en\/wp-json\/wp\/v2\/media?parent=16128"}],"wp:term":[{"taxonomy":"category","embeddable":true,"href":"https:\/\/www.goyaproducciones.com\/en\/wp-json\/wp\/v2\/categories?post=16128"},{"taxonomy":"post_tag","embeddable":true,"href":"https:\/\/www.goyaproducciones.com\/en\/wp-json\/wp\/v2\/tags?post=16128"}],"curies":[{"name":"wp","href":"https:\/\/api.w.org\/{rel}","templated":true}]}}