{"id":16121,"date":"2013-09-26T14:38:37","date_gmt":"2013-09-26T12:38:37","guid":{"rendered":"https:\/\/www.goyaproducciones.com\/?p=16121"},"modified":"2025-06-10T14:56:44","modified_gmt":"2025-06-10T12:56:44","slug":"presentacion-en-el-cine-del-documental-revolucion-en-rio","status":"publish","type":"post","link":"https:\/\/www.goyaproducciones.com\/en\/presentacion-en-el-cine-del-documental-revolucion-en-rio\/","title":{"rendered":"Presentaci\u00f3n en el cine del documental REVOLUCI\u00d3N EN R\u00cdO"},"content":{"rendered":"<div class=\"wpb-content-wrapper\"><p>[vc_row][vc_column width=&#8217;3\/4&#8242;]El primer gran documental sobre la Jornada Mundial de la Juventud de 2013, ser\u00e1 presentado oficialmente en Madrid el pr\u00f3ximo 6 de octubre en el cine Palafox a las 12 de la ma\u00f1ana.<\/p>\n<p>\u201cRevoluci\u00f3n en R\u00edo\u201d es un documental de 55 minutos palpitantes, realizado por Goya Producciones, que ser\u00e1 distribuido en DVD. Va m\u00e1s all\u00e1 del simple reportaje. Hace revivir los momentos fuertes de la JMJ y capta el mensaje del Papa: \u201cesta civilizaci\u00f3n mundial se pas\u00f3 de rosca\u201d&#8230; y hay que cambiarla.<\/p>\n<p>M\u00e1s de tres millones de j\u00f3venes de todo el mundo respondieron \u00a1s\u00ed! con entusiasmo a la invitaci\u00f3n del Papa: \u201c\u00bfquieren ser revolucionarios, ir contra corriente&#8230;?\u201d.\u00a0 El documental transmite esa vibraci\u00f3n de la juventud ante los retos del papa carism\u00e1tico. Seis d\u00edas inolvidables sintetizados en 55 intensos minutos en los que se mezclan humor, fervor, clamor y amor en alegre sinfon\u00eda.<\/p>\n<p>En el film no faltan momentos de \u201csuspense\u201d, fiesta, arte, y dramatismo, bien apoyados en la banda sonora y salpicados con breves entrevistas de j\u00f3venes sobre el terreno. Termina con el testimonio prof\u00e9tico del Papa: \u201cCristo est\u00e1 preparando una nueva primavera en todo el mundo\u201d.<\/p>\n<p>El DVD contiene adem\u00e1s como extras las canciones m\u00e1s destacadas de la JMJ, el discurso del Papa a los j\u00f3venes argentinos, una galer\u00eda de fotos y un extracto de la biograf\u00eda del Papa Francisco.<\/p>\n<p>[\/vc_column][vc_column width=&#8217;1\/4&#8242;]<div class='portfolio_slider_holder clearfix'><div class='portfolio_slider'  ><ul class='portfolio_slides'><li class='item'><div class='image_holder'><span class='image'><span class='image_pixel_hover'><\/span><a itemprop='url' href='https:\/\/www.goyaproducciones.com\/en\/portfolio_page\/revolution-in-rio\/' target='_self'><img fetchpriority=\"high\" decoding=\"async\" width=\"1080\" height=\"1527\" src=\"https:\/\/www.goyaproducciones.com\/wp-content\/uploads\/2025\/06\/REVOLUTION-IN-RIO-1.jpg\" class=\"attachment-full size-full wp-post-image\" alt=\"\" srcset=\"https:\/\/www.goyaproducciones.com\/wp-content\/uploads\/2025\/06\/REVOLUTION-IN-RIO-1.jpg 1080w, https:\/\/www.goyaproducciones.com\/wp-content\/uploads\/2025\/06\/REVOLUTION-IN-RIO-1-212x300.jpg 212w, https:\/\/www.goyaproducciones.com\/wp-content\/uploads\/2025\/06\/REVOLUTION-IN-RIO-1-700x990.jpg 700w\" sizes=\"(max-width: 1080px) 100vw, 1080px\" \/><\/a><\/span><div class='hover_feature_holder'><div class=\"hover_feature_holder_outer\"><div class=\"hover_feature_holder_inner\"><h3 itemprop=\"name\" class=\"portfolio_title entry_title\"><a itemprop=\"url\" href=\"https:\/\/www.goyaproducciones.com\/en\/portfolio_page\/revolution-in-rio\/\" target=\"_self\">Revolution in Rio<\/a><\/h3><span class=\"separator small\"><\/span><div class=\"project_category\">Production<\/div><a itemprop=\"url\" href=\"https:\/\/www.goyaproducciones.com\/en\/portfolio_page\/revolution-in-rio\/\" target=\"_self\" class=\"qbutton white small\">view<\/a><\/div><\/div><\/div><\/div><\/li><\/ul><\/div><\/div>[vc_separator type=&#8217;transparent&#8217; position=&#8217;center&#8217; color=&#8221; thickness=&#8221; up=&#8217;5&#8242; down=&#8217;5&#8242;]<a itemprop=\"url\" href=\"http:\/\/www.encristiano.com\/es\/documentales-dvd\/revolucion-en-rio-655.html\" target=\"_blank\" data-hover-background-color=\"#bbe004\" data-hover-color=\"#000000\" class=\"qbutton  default\" style=\"color: #fff; border-color: #fff; margin: 10; background-color:#048504;\" rel=\"noopener\">COMPRAR DVD<\/a> <a itemprop=\"url\" href=\"https:\/\/vimeo.com\/ondemand\/rio2013\" target=\"_blank\" data-hover-background-color=\"#bbe004\" data-hover-color=\"#000000\" class=\"qbutton  default\" style=\"color: #fff; border-color: #fff; margin: 10; background-color:#048504;\" rel=\"noopener\">VER ONLINE<\/a>[vc_separator type=&#8217;transparent&#8217; position=&#8217;center&#8217; color=&#8221; thickness=&#8221; up=&#8217;5&#8242; down=&#8217;5&#8242;]<\/p>\n<p>[\/vc_column][\/vc_row]<\/p>\n<\/div>","protected":false},"excerpt":{"rendered":"<p>REVOLUCI\u00d3N EN R\u00cdO: El primer gran documental (55 minutos) sobre la Jornada Mundial de la Juventud de 2013, ser\u00e1 presentado oficialmente en Madrid el pr\u00f3ximo 6 de octubre en el cine Palafox. Va m\u00e1s all\u00e1 del simple reportaje&#8230;<\/p>\n","protected":false},"author":15,"featured_media":24145,"comment_status":"open","ping_status":"open","sticky":false,"template":"","format":"standard","meta":{"footnotes":""},"categories":[60],"tags":[73,88,82,101,80,81,97,79],"class_list":["post-16121","post","type-post","status-publish","format-standard","has-post-thumbnail","hentry","category-noticias","tag-cine","tag-documental","tag-dvd","tag-jmj","tag-lanzamiento","tag-novedad","tag-papa-francisco","tag-presentacion"],"_links":{"self":[{"href":"https:\/\/www.goyaproducciones.com\/en\/wp-json\/wp\/v2\/posts\/16121","targetHints":{"allow":["GET"]}}],"collection":[{"href":"https:\/\/www.goyaproducciones.com\/en\/wp-json\/wp\/v2\/posts"}],"about":[{"href":"https:\/\/www.goyaproducciones.com\/en\/wp-json\/wp\/v2\/types\/post"}],"author":[{"embeddable":true,"href":"https:\/\/www.goyaproducciones.com\/en\/wp-json\/wp\/v2\/users\/15"}],"replies":[{"embeddable":true,"href":"https:\/\/www.goyaproducciones.com\/en\/wp-json\/wp\/v2\/comments?post=16121"}],"version-history":[{"count":3,"href":"https:\/\/www.goyaproducciones.com\/en\/wp-json\/wp\/v2\/posts\/16121\/revisions"}],"predecessor-version":[{"id":17086,"href":"https:\/\/www.goyaproducciones.com\/en\/wp-json\/wp\/v2\/posts\/16121\/revisions\/17086"}],"wp:featuredmedia":[{"embeddable":true,"href":"https:\/\/www.goyaproducciones.com\/en\/wp-json\/wp\/v2\/media\/24145"}],"wp:attachment":[{"href":"https:\/\/www.goyaproducciones.com\/en\/wp-json\/wp\/v2\/media?parent=16121"}],"wp:term":[{"taxonomy":"category","embeddable":true,"href":"https:\/\/www.goyaproducciones.com\/en\/wp-json\/wp\/v2\/categories?post=16121"},{"taxonomy":"post_tag","embeddable":true,"href":"https:\/\/www.goyaproducciones.com\/en\/wp-json\/wp\/v2\/tags?post=16121"}],"curies":[{"name":"wp","href":"https:\/\/api.w.org\/{rel}","templated":true}]}}