{"id":16098,"date":"2014-03-04T12:47:01","date_gmt":"2014-03-04T11:47:01","guid":{"rendered":"https:\/\/www.goyaproducciones.com\/?p=16098"},"modified":"2025-06-10T14:56:42","modified_gmt":"2025-06-10T12:56:42","slug":"presentado-en-roma-el-efecto-francisco","status":"publish","type":"post","link":"https:\/\/www.goyaproducciones.com\/en\/presentado-en-roma-el-efecto-francisco\/","title":{"rendered":"Presentado en Roma El Efecto Francisco"},"content":{"rendered":"<div class=\"wpb-content-wrapper\"><p>[vc_row][vc_column width=&#8217;3\/4&#8242;]Con motivo del primer aniversario de la elecci\u00f3n del Papa Francisco Goya Producciones anuncia el lanzamiento a nivel mundial de su nuevo documental \u201cEl Efecto Francisco: el Papa del Cambio\u201d. Estar\u00e1 disponible a partir del 13 de marzo en espa\u00f1ol, franc\u00e9s e ingl\u00e9s.<\/p>\n<p>El documental ha sido presentado en el congreso mundial de Signis, la m\u00e1s importante organizaci\u00f3n de comunicadores audiovisuales, que integra a m\u00e1s de 140 nacionalidades. El congreso ha tenido lugar en Roma y all\u00ed televisiones y distribuidoras de DVD de varios pa\u00edses han adquirido los derechos del documental.<\/p>\n<p>Este nuevo film muestra, en 53 minutos, el fulminante ascenso a la cima de la popularidad del entonces poco conocido cardenal argentino. Refleja tambi\u00e9n el radical cambio de la imagen de la Iglesia que \u00e9l ha generado. Una encuesta efectuada a pie de calle entre personas de diversas creencias y pa\u00edses lo atestigua .<\/p>\n<p>\u00bfCu\u00e1les son las causas de tan espectacular cambio en la opini\u00f3n? El documental recoge respuestas de destacados cardenales, de expertos en redes sociales como Gustavo Entrala, de vatican\u00f3logos como John Allen, periodistas como Mar\u00eda \u00c1ngeles Fern\u00e1ndez, o del jefe de prensa del Vaticano Federico Lombardi.<\/p>\n<p>\u201cPara ellos una clave son los hechos y gestos que la gente ha visto hacer a Francisco, que les transmiten sencillez, cercan\u00eda, pobreza, esperanza y alegr\u00eda. Todos admiten que se est\u00e1 notando un efecto Francisco\u201d, subraya el director de Goya Producciones Andr\u00e9s Garrig\u00f3.<\/p>\n<p>\u00bfPero a d\u00f3nde lleva Francisco a la Iglesia? \u00bfQu\u00e9 cambiar\u00e1? Sobre tales inc\u00f3gnitas el film recoge opiniones de los cardenales de Par\u00eds, Nueva York, Bombay, Lima, Sao Paulo, Santiago de Chile, Quebec, Westminster y Sevilla. Sus respuestas despejan muchas dudas.<\/p>\n<p>Con im\u00e1genes entra\u00f1ables, este documental ofrece tambi\u00e9n\u00a0 an\u00e9cdotas, gestos de humor, mensajes, opiniones y claves para comprender un papado ya hist\u00f3rico.<\/p>\n<p>Este es el cuarto documental realizado por Goya Producciones en torno al Papa en un a\u00f1o. El primero, \u201cEl C\u00f3nclave\u201d apareci\u00f3 tras la renuncia de Benedicto XVI, el segundo \u201c\u00bfQui\u00e9n es el Papa Francisco?,\u00a0 se tradujo a 14 idiomas, y el tercero \u201cRevoluci\u00f3n en R\u00edo\u201d, es un magistral resumen de la \u00faltima JMJ. Todos han sido difundidos con \u00e9xito en los cinco continentes.<\/p>\n<p>[\/vc_column][vc_column width=&#8217;1\/4&#8242;]<div class='portfolio_slider_holder clearfix'><div class='portfolio_slider'  ><ul class='portfolio_slides'><li class='item'><div class='image_holder'><span class='image'><span class='image_pixel_hover'><\/span><a itemprop='url' href='https:\/\/www.goyaproducciones.com\/en\/portfolio_page\/francis-the-pope-of-change\/' target='_self'><img fetchpriority=\"high\" decoding=\"async\" width=\"1524\" height=\"2280\" src=\"https:\/\/www.goyaproducciones.com\/wp-content\/uploads\/2025\/06\/francis-the-pope-of-change-1.jpg\" class=\"attachment-full size-full wp-post-image\" alt=\"\" srcset=\"https:\/\/www.goyaproducciones.com\/wp-content\/uploads\/2025\/06\/francis-the-pope-of-change-1.jpg 1524w, https:\/\/www.goyaproducciones.com\/wp-content\/uploads\/2025\/06\/francis-the-pope-of-change-1-201x300.jpg 201w, https:\/\/www.goyaproducciones.com\/wp-content\/uploads\/2025\/06\/francis-the-pope-of-change-1-1080x1616.jpg 1080w, https:\/\/www.goyaproducciones.com\/wp-content\/uploads\/2025\/06\/francis-the-pope-of-change-1-1027x1536.jpg 1027w, https:\/\/www.goyaproducciones.com\/wp-content\/uploads\/2025\/06\/francis-the-pope-of-change-1-1369x2048.jpg 1369w, https:\/\/www.goyaproducciones.com\/wp-content\/uploads\/2025\/06\/francis-the-pope-of-change-1-700x1047.jpg 700w\" sizes=\"(max-width: 1524px) 100vw, 1524px\" \/><\/a><\/span><div class='hover_feature_holder'><div class=\"hover_feature_holder_outer\"><div class=\"hover_feature_holder_inner\"><h3 itemprop=\"name\" class=\"portfolio_title entry_title\"><a itemprop=\"url\" href=\"https:\/\/www.goyaproducciones.com\/en\/portfolio_page\/francis-the-pope-of-change\/\" target=\"_self\">Francis: The Pope of Change<\/a><\/h3><span class=\"separator small\"><\/span><div class=\"project_category\">Production<\/div><a itemprop=\"url\" href=\"https:\/\/www.goyaproducciones.com\/en\/portfolio_page\/francis-the-pope-of-change\/\" target=\"_self\" class=\"qbutton white small\">view<\/a><\/div><\/div><\/div><\/div><\/li><\/ul><\/div><\/div>[vc_separator type=&#8217;transparent&#8217; position=&#8217;center&#8217; color=&#8221; thickness=&#8221; up=&#8217;5&#8242; down=&#8217;5&#8242;]<a itemprop=\"url\" href=\"http:\/\/www.encristiano.com\/es\/documentales-dvd\/francis-the-pope-of-change-702.html\" target=\"_blank\" data-hover-background-color=\"#bbe004\" data-hover-color=\"#000000\" class=\"qbutton  default\" style=\"color: #fff; border-color: #fff; margin: 10; background-color:#048504;\" rel=\"noopener\">COMPRAR DVD<\/a> <a itemprop=\"url\" href=\"https:\/\/vimeo.com\/ondemand\/elefectofrancisco\" target=\"_blank\" data-hover-background-color=\"#bbe004\" data-hover-color=\"#000000\" class=\"qbutton  default\" style=\"color: #fff; border-color: #fff; margin: 10; background-color:#048504;\" rel=\"noopener\">VER ONLINE<\/a>[vc_separator type=&#8217;transparent&#8217; position=&#8217;center&#8217; color=&#8221; thickness=&#8221; up=&#8217;5&#8242; down=&#8217;5&#8242;]<\/p>\n<p>[\/vc_column][\/vc_row]<\/p>\n<\/div>","protected":false},"excerpt":{"rendered":"<p>El documental ha sido presentado en el congreso mundial de Signis, la m\u00e1s importante organizaci\u00f3n de comunicadores audiovisuales, que integra a m\u00e1s de 140 nacionalidades. El congreso ha tenido lugar en Roma y&#8230;<\/p>\n","protected":false},"author":15,"featured_media":24143,"comment_status":"open","ping_status":"open","sticky":false,"template":"","format":"standard","meta":{"footnotes":""},"categories":[60],"tags":[74,88,82,80,81,97,79],"class_list":["post-16098","post","type-post","status-publish","format-standard","has-post-thumbnail","hentry","category-noticias","tag-biografia","tag-documental","tag-dvd","tag-lanzamiento","tag-novedad","tag-papa-francisco","tag-presentacion"],"_links":{"self":[{"href":"https:\/\/www.goyaproducciones.com\/en\/wp-json\/wp\/v2\/posts\/16098","targetHints":{"allow":["GET"]}}],"collection":[{"href":"https:\/\/www.goyaproducciones.com\/en\/wp-json\/wp\/v2\/posts"}],"about":[{"href":"https:\/\/www.goyaproducciones.com\/en\/wp-json\/wp\/v2\/types\/post"}],"author":[{"embeddable":true,"href":"https:\/\/www.goyaproducciones.com\/en\/wp-json\/wp\/v2\/users\/15"}],"replies":[{"embeddable":true,"href":"https:\/\/www.goyaproducciones.com\/en\/wp-json\/wp\/v2\/comments?post=16098"}],"version-history":[{"count":3,"href":"https:\/\/www.goyaproducciones.com\/en\/wp-json\/wp\/v2\/posts\/16098\/revisions"}],"predecessor-version":[{"id":17076,"href":"https:\/\/www.goyaproducciones.com\/en\/wp-json\/wp\/v2\/posts\/16098\/revisions\/17076"}],"wp:featuredmedia":[{"embeddable":true,"href":"https:\/\/www.goyaproducciones.com\/en\/wp-json\/wp\/v2\/media\/24143"}],"wp:attachment":[{"href":"https:\/\/www.goyaproducciones.com\/en\/wp-json\/wp\/v2\/media?parent=16098"}],"wp:term":[{"taxonomy":"category","embeddable":true,"href":"https:\/\/www.goyaproducciones.com\/en\/wp-json\/wp\/v2\/categories?post=16098"},{"taxonomy":"post_tag","embeddable":true,"href":"https:\/\/www.goyaproducciones.com\/en\/wp-json\/wp\/v2\/tags?post=16098"}],"curies":[{"name":"wp","href":"https:\/\/api.w.org\/{rel}","templated":true}]}}