{"id":16095,"date":"2015-04-21T12:28:29","date_gmt":"2015-04-21T10:28:29","guid":{"rendered":"https:\/\/www.goyaproducciones.com\/?p=16095"},"modified":"2025-06-10T14:56:41","modified_gmt":"2025-06-10T12:56:41","slug":"lanzamiento-del-documental-500-km","status":"publish","type":"post","link":"https:\/\/www.goyaproducciones.com\/en\/lanzamiento-del-documental-500-km\/","title":{"rendered":"Lanzamiento del documental: 500 KM"},"content":{"rendered":"<div class=\"wpb-content-wrapper\"><p>[vc_row][vc_column width=&#8217;3\/4&#8242;]Es la carrera m\u00e1s larga de Europa, la que nunca ha tenido accidentes, ni ha conocido casos de dopaje, ni tiene detr\u00e1s intereses comerciales&#8230; Esta prueba sorprendente, en la que participan anualmente ni\u00f1os, adultos, mayores y famosos va a ser llevada a la gran pantalla en un documental preparado minuciosamente por Goya Producciones y Visual Films.<\/p>\n<p>El documental \u201c500 KM. La carrera m\u00e1s larga de Europa\u201d es la historia de un \u00e9xito, el de una iniciativa que naci\u00f3 hace veinte a\u00f1os en el popular barrio madrile\u00f1o de Vallecas. Veteranos corredores y antiguos alumnos del Colegio Tajamar pusieron en marcha una carrera de relevos desde Madrid hasta el Santuario de Torreciudad, en pleno Pirineo aragon\u00e9s.<\/p>\n<p>Esta haza\u00f1a, rica en historias personales y retos conseguidos, merec\u00eda ser contada. Y es lo que se propuso su director, Chechu Garc\u00eda, quien ha seguido con su c\u00e1mara la carrera durante m\u00e1s de diez a\u00f1os, captando im\u00e1genes de gran belleza.<\/p>\n<p>Adem\u00e1s, conoceremos las experiencias de grandes figuras del deporte como Vicente del Bosque, Ferm\u00edn Cacho, Irene Villa, Arrigo Sacchi, Nuria Fern\u00e1ndez, Manolo Mart\u00ednez, Javier Cienfuegos, Javier Aguirre, Emilio Butrague\u00f1o, Pepu Hern\u00e1ndez, L\u00e1zaro Linares o el doctor Villal\u00f3n, entre otros.<\/p>\n<p>El documental, de unos 50 minutos de duraci\u00f3n, est\u00e1 en proceso de postproducci\u00f3n y su presentaci\u00f3n oficial est\u00e1 prevista para finales de junio en cines.<\/p>\n<p>[\/vc_column][vc_column width=&#8217;1\/4&#8242;]<div class='portfolio_slider_holder clearfix'><div class='portfolio_slider'  ><ul class='portfolio_slides'><li class='item'><div class='image_holder'><span class='image'><span class='image_pixel_hover'><\/span><a itemprop='url' href='https:\/\/www.goyaproducciones.com\/en\/portfolio_page\/500-km-la-carrera-mas-larga-de-europa\/' target='_self'><img fetchpriority=\"high\" decoding=\"async\" width=\"660\" height=\"944\" src=\"https:\/\/www.goyaproducciones.com\/wp-content\/uploads\/2025\/06\/74-500KM.png\" class=\"attachment-full size-full wp-post-image\" alt=\"\" srcset=\"https:\/\/www.goyaproducciones.com\/wp-content\/uploads\/2025\/06\/74-500KM.png 660w, https:\/\/www.goyaproducciones.com\/wp-content\/uploads\/2025\/06\/74-500KM-210x300.png 210w\" sizes=\"(max-width: 660px) 100vw, 660px\" \/><\/a><\/span><div class='hover_feature_holder'><div class=\"hover_feature_holder_outer\"><div class=\"hover_feature_holder_inner\"><h3 itemprop=\"name\" class=\"portfolio_title entry_title\"><a itemprop=\"url\" href=\"https:\/\/www.goyaproducciones.com\/en\/portfolio_page\/500-km-la-carrera-mas-larga-de-europa\/\" target=\"_self\">500 KM. Europe&#8217;s longest running race<\/a><\/h3><span class=\"separator small\"><\/span><div class=\"project_category\">Production<\/div><a itemprop=\"url\" href=\"https:\/\/www.goyaproducciones.com\/en\/portfolio_page\/500-km-la-carrera-mas-larga-de-europa\/\" target=\"_self\" class=\"qbutton white small\">view<\/a><\/div><\/div><\/div><\/div><\/li><\/ul><\/div><\/div>[vc_separator type=&#8217;transparent&#8217; position=&#8217;center&#8217; color=&#8221; thickness=&#8221; up=&#8217;5&#8242; down=&#8217;5&#8242;]<a itemprop=\"url\" href=\"http:\/\/www.encristiano.com\/es\/documentales-dvd\/500km-la-carrera-mas-larga-de-europa-869.html\" target=\"_blank\" data-hover-background-color=\"#bbe004\" data-hover-color=\"#000000\" class=\"qbutton  default\" style=\"color: #fff; border-color: #fff; margin: 10; background-color:#048504;\" rel=\"noopener\">COMPRAR DVD<\/a> <a itemprop=\"url\" href=\"https:\/\/vimeo.com\/ondemand\/500km\" target=\"_blank\" data-hover-background-color=\"#bbe004\" data-hover-color=\"#000000\" class=\"qbutton  default\" style=\"color: #fff; border-color: #fff; margin: 10; background-color:#048504;\" rel=\"noopener\">VER ONLINE<\/a>[vc_separator type=&#8217;transparent&#8217; position=&#8217;center&#8217; color=&#8221; thickness=&#8221; up=&#8217;5&#8242; down=&#8217;5&#8242;]<\/p>\n<p>[\/vc_column][\/vc_row]<\/p>\n<\/div>","protected":false},"excerpt":{"rendered":"<p>Documental \u201c500 KM. La carrera m\u00e1s larga de Europa\u201d. Esta prueba sorprendente, en la que participan anualmente ni\u00f1os, adultos, mayores y famosos va a ser llevada a la gran pantalla en un documental preparado&#8230;<\/p>\n","protected":false},"author":15,"featured_media":24142,"comment_status":"open","ping_status":"open","sticky":false,"template":"","format":"standard","meta":{"footnotes":""},"categories":[60],"tags":[78,88,82,80,81],"class_list":["post-16095","post","type-post","status-publish","format-standard","has-post-thumbnail","hentry","category-noticias","tag-500km","tag-documental","tag-dvd","tag-lanzamiento","tag-novedad"],"_links":{"self":[{"href":"https:\/\/www.goyaproducciones.com\/en\/wp-json\/wp\/v2\/posts\/16095","targetHints":{"allow":["GET"]}}],"collection":[{"href":"https:\/\/www.goyaproducciones.com\/en\/wp-json\/wp\/v2\/posts"}],"about":[{"href":"https:\/\/www.goyaproducciones.com\/en\/wp-json\/wp\/v2\/types\/post"}],"author":[{"embeddable":true,"href":"https:\/\/www.goyaproducciones.com\/en\/wp-json\/wp\/v2\/users\/15"}],"replies":[{"embeddable":true,"href":"https:\/\/www.goyaproducciones.com\/en\/wp-json\/wp\/v2\/comments?post=16095"}],"version-history":[{"count":4,"href":"https:\/\/www.goyaproducciones.com\/en\/wp-json\/wp\/v2\/posts\/16095\/revisions"}],"predecessor-version":[{"id":17312,"href":"https:\/\/www.goyaproducciones.com\/en\/wp-json\/wp\/v2\/posts\/16095\/revisions\/17312"}],"wp:featuredmedia":[{"embeddable":true,"href":"https:\/\/www.goyaproducciones.com\/en\/wp-json\/wp\/v2\/media\/24142"}],"wp:attachment":[{"href":"https:\/\/www.goyaproducciones.com\/en\/wp-json\/wp\/v2\/media?parent=16095"}],"wp:term":[{"taxonomy":"category","embeddable":true,"href":"https:\/\/www.goyaproducciones.com\/en\/wp-json\/wp\/v2\/categories?post=16095"},{"taxonomy":"post_tag","embeddable":true,"href":"https:\/\/www.goyaproducciones.com\/en\/wp-json\/wp\/v2\/tags?post=16095"}],"curies":[{"name":"wp","href":"https:\/\/api.w.org\/{rel}","templated":true}]}}