{"id":15985,"date":"2015-06-20T15:02:14","date_gmt":"2015-06-20T13:02:14","guid":{"rendered":"https:\/\/www.goyaproducciones.com\/?p=15985"},"modified":"2025-06-10T14:56:35","modified_gmt":"2025-06-10T12:56:35","slug":"presentacion-en-el-cine-de-500km","status":"publish","type":"post","link":"https:\/\/www.goyaproducciones.com\/en\/presentacion-en-el-cine-de-500km\/","title":{"rendered":"Presentaci\u00f3n en el cine de 500KM: La carrera m\u00e1s larga de Europa"},"content":{"rendered":"<div class=\"wpb-content-wrapper\"><p>[vc_row][vc_column width=&#8217;3\/4&#8242;]El pasado 20 de Junio presentamos,<span class=\"newsletter-pro-description_short\"> en los cines Palafox de Madrid,\u00a0el documental &#8216;<strong>500KM. La carrera m\u00e1s larga de Europa&#8217;<\/strong>. Muchas gracias a todos los que han hecho posible este gran \u00e9xito: deportistas, organizadores, amigos, familias&#8230;<\/span><\/p>\n<p><span class=\"newsletter-pro-description_short\">EL documental se ha realizado con motivo del 20 aniversario de la carrera de relevos de 500 km que une Madrid con el Santuario Mariano de Torreciudad.<\/span> Una carrera que, al igual que el documental, est\u00e1 llena de historias personales, retos conseguidos, entusiasmo, fe y superaci\u00f3n deportiva. Una historia que debe ser contada y que despertar\u00e1 en el espectador la duda de c\u00f3mo una prueba \u00e9pica deportiva puede suscitar tantas emociones.<\/p>\n<p>[\/vc_column][vc_column width=&#8217;1\/4&#8242;]<div class='portfolio_slider_holder clearfix'><div class='portfolio_slider'  ><ul class='portfolio_slides'><li class='item'><div class='image_holder'><span class='image'><span class='image_pixel_hover'><\/span><a itemprop='url' href='https:\/\/www.goyaproducciones.com\/en\/portfolio_page\/500-km-la-carrera-mas-larga-de-europa\/' target='_self'><img fetchpriority=\"high\" decoding=\"async\" width=\"660\" height=\"944\" src=\"https:\/\/www.goyaproducciones.com\/wp-content\/uploads\/2025\/06\/74-500KM.png\" class=\"attachment-full size-full wp-post-image\" alt=\"\" srcset=\"https:\/\/www.goyaproducciones.com\/wp-content\/uploads\/2025\/06\/74-500KM.png 660w, https:\/\/www.goyaproducciones.com\/wp-content\/uploads\/2025\/06\/74-500KM-210x300.png 210w\" sizes=\"(max-width: 660px) 100vw, 660px\" \/><\/a><\/span><div class='hover_feature_holder'><div class=\"hover_feature_holder_outer\"><div class=\"hover_feature_holder_inner\"><h3 itemprop=\"name\" class=\"portfolio_title entry_title\"><a itemprop=\"url\" href=\"https:\/\/www.goyaproducciones.com\/en\/portfolio_page\/500-km-la-carrera-mas-larga-de-europa\/\" target=\"_self\">500 KM. Europe&#8217;s longest running race<\/a><\/h3><span class=\"separator small\"><\/span><div class=\"project_category\">Production<\/div><a itemprop=\"url\" href=\"https:\/\/www.goyaproducciones.com\/en\/portfolio_page\/500-km-la-carrera-mas-larga-de-europa\/\" target=\"_self\" class=\"qbutton white small\">view<\/a><\/div><\/div><\/div><\/div><\/li><\/ul><\/div><\/div>[vc_separator type=&#8217;transparent&#8217; position=&#8217;center&#8217; color=&#8221; thickness=&#8221; up=&#8217;5&#8242; down=&#8217;5&#8242;]<a itemprop=\"url\" href=\"http:\/\/www.encristiano.com\/es\/documentales-dvd\/500km-la-carrera-mas-larga-de-europa-869.html\" target=\"_blank\" data-hover-background-color=\"#bbe004\" data-hover-color=\"#000000\" class=\"qbutton  default\" style=\"color: #fff; border-color: #fff; margin: 10; background-color:#048504;\" rel=\"noopener\">COMPRAR DVD<\/a> <a itemprop=\"url\" href=\"https:\/\/vimeo.com\/ondemand\/500km\" target=\"_blank\" data-hover-background-color=\"#bbe004\" data-hover-color=\"#000000\" class=\"qbutton  default\" style=\"color: #fff; border-color: #fff; margin: 10; background-color:#048504;\" rel=\"noopener\">VER ONLINE<\/a>[vc_separator type=&#8217;transparent&#8217; position=&#8217;center&#8217; color=&#8221; thickness=&#8221; up=&#8217;5&#8242; down=&#8217;5&#8242;]<\/p>\n<p>[\/vc_column][\/vc_row]<\/p>\n<\/div>","protected":false},"excerpt":{"rendered":"<p>El pasado 20 de Junio presentamos, en los cines Palafox de Madrid, el documental &#8216;500KM. La carrera m\u00e1s larga de Europa&#8217;. Muchas gracias a todos los que han hecho posible este gran \u00e9xito: deportistas, organizadores, amigos&#8230;<\/p>\n","protected":false},"author":15,"featured_media":24137,"comment_status":"open","ping_status":"open","sticky":false,"template":"","format":"standard","meta":{"footnotes":""},"categories":[60],"tags":[78,73,88,82,80,81,79],"class_list":["post-15985","post","type-post","status-publish","format-standard","has-post-thumbnail","hentry","category-noticias","tag-500km","tag-cine","tag-documental","tag-dvd","tag-lanzamiento","tag-novedad","tag-presentacion"],"_links":{"self":[{"href":"https:\/\/www.goyaproducciones.com\/en\/wp-json\/wp\/v2\/posts\/15985","targetHints":{"allow":["GET"]}}],"collection":[{"href":"https:\/\/www.goyaproducciones.com\/en\/wp-json\/wp\/v2\/posts"}],"about":[{"href":"https:\/\/www.goyaproducciones.com\/en\/wp-json\/wp\/v2\/types\/post"}],"author":[{"embeddable":true,"href":"https:\/\/www.goyaproducciones.com\/en\/wp-json\/wp\/v2\/users\/15"}],"replies":[{"embeddable":true,"href":"https:\/\/www.goyaproducciones.com\/en\/wp-json\/wp\/v2\/comments?post=15985"}],"version-history":[{"count":7,"href":"https:\/\/www.goyaproducciones.com\/en\/wp-json\/wp\/v2\/posts\/15985\/revisions"}],"predecessor-version":[{"id":17311,"href":"https:\/\/www.goyaproducciones.com\/en\/wp-json\/wp\/v2\/posts\/15985\/revisions\/17311"}],"wp:featuredmedia":[{"embeddable":true,"href":"https:\/\/www.goyaproducciones.com\/en\/wp-json\/wp\/v2\/media\/24137"}],"wp:attachment":[{"href":"https:\/\/www.goyaproducciones.com\/en\/wp-json\/wp\/v2\/media?parent=15985"}],"wp:term":[{"taxonomy":"category","embeddable":true,"href":"https:\/\/www.goyaproducciones.com\/en\/wp-json\/wp\/v2\/categories?post=15985"},{"taxonomy":"post_tag","embeddable":true,"href":"https:\/\/www.goyaproducciones.com\/en\/wp-json\/wp\/v2\/tags?post=15985"}],"curies":[{"name":"wp","href":"https:\/\/api.w.org\/{rel}","templated":true}]}}